{"id":75448,"date":"2023-01-25T10:43:50","date_gmt":"2023-01-25T13:43:50","guid":{"rendered":"https:\/\/www.centraldenoticias.com.ar\/?p=75448"},"modified":"2023-01-25T11:58:41","modified_gmt":"2023-01-25T14:58:41","slug":"cobertura-de-medicamentos-de-ioma-alcanza-a-una-poblacion-muy-grande","status":"publish","type":"post","link":"https:\/\/cdnoticias.com\/index.php\/2023\/01\/25\/cobertura-de-medicamentos-de-ioma-alcanza-a-una-poblacion-muy-grande\/","title":{"rendered":"Cobertura de medicamentos de IOMA: \u201calcanza a una poblaci\u00f3n muy grande\u201d"},"content":{"rendered":"<p>La directora de Pol\u00edticas de Medicamentos de la obra social destac\u00f3 la actualizaci\u00f3n del Vadem\u00e9cum con medicamentos con descuentos entre el 40% y el 100%.<!--more--><\/p>\n<hr \/>\n<p>La obra social bonaerense, IOMA, implement\u00f3 un fuerte incremento en la cobertura de medicamentos a trav\u00e9s de su Vadem\u00e9cum. La medida alcanza a <strong>m\u00e1s de 6.000 medicamentos: casi la mitad incorpora descuentos de entre el 70 y el 100%,<\/strong> mientras que otros 3.400 tienen entre un 40 y un 70% de cobertura, dependiendo de la marca y la presentaci\u00f3n elegida.<\/p>\n<p>&nbsp;<\/p>\n<p><strong>Ver\u00f3nica Mart\u00ednez Black, directora de Pol\u00edticas de Medicamentos de IOMA<\/strong>, habl\u00f3 con el programa radial <em>Levantate (FM Sapiens)<\/em> y resalt\u00f3 que <strong>\u201cson m\u00e1s de dos millones los afiliados a IOMA en toda la provincia de Buenos Aires por lo que es una medida que alcanza a una poblaci\u00f3n muy grande\u201d.<\/strong><\/p>\n<p>&nbsp;<\/p>\n<p>Explic\u00f3 que a principios de este a\u00f1o se actualizaron los montos de cobertura de los medicamentos para que las personas afiliadas <strong>\u201cpueden tener esa cobertura sin poner un poco m\u00e1s dinero de sus bolsillos y de esta forma aliviar esta carga\u201d.<\/strong><\/p>\n<p>&nbsp;<\/p>\n<blockquote><p>Mart\u00ednez Black asegur\u00f3 que fue una de las premisas de la obra social \u201cque las personas afiliadas a IOMA no vean afectadas esa cobertura por la inflaci\u00f3n en este sector\u201d.<\/p><\/blockquote>\n<p>&nbsp;<\/p>\n<p>Adem\u00e1s de esta actualizaci\u00f3n se agreg\u00f3 la del Vadem\u00e9cum en la p\u00e1gina de IOMA o en la aplicaci\u00f3n, con un buscador online que permite conocer las opciones con los diferentes montos de presentaciones y precios de los medicamentos.<\/p>\n<p>&nbsp;<\/p>\n<p>Por otra parte, se\u00f1al\u00f3 que hay <strong>\u201cm\u00e1s de 3800 farmacias adheridas en toda la provincia de Buenos Aires\u201d<\/strong> y destac\u00f3 que la utilizaci\u00f3n de la app IOMA digital permite adem\u00e1s autorizar tr\u00e1mites, obtener la credencial digital, el token para validar las prestaciones, solicitar turnos online, la receta electr\u00f3nica y realizar tr\u00e1mites afiliatorios.<\/p>\n<p>&nbsp;<\/p>\n<p>Por \u00faltimo, asegur\u00f3 que \u201cen l\u00edneas generales IOMA es una obra social que est\u00e1 ordenada, que cumple con compromisos y desde nuestro sector puedo contarles que <strong>en otras \u00e9pocas hubo atrasos important\u00edsimos y esto no es as\u00ed ahora, se hizo un ordenamiento<\/strong>\u201d.<\/p>\n<p>&nbsp;<\/p>\n","protected":false},"excerpt":{"rendered":"<p>La directora de Pol\u00edticas de Medicamentos de la obra social destac\u00f3 la actualizaci\u00f3n del Vadem\u00e9cum con medicamentos con descuentos entre<\/p>\n","protected":false},"author":5,"featured_media":75450,"comment_status":"closed","ping_status":"closed","sticky":false,"template":"","format":"standard","meta":{"_jetpack_memberships_contains_paid_content":false,"footnotes":""},"categories":[5,1],"tags":[],"class_list":["post-75448","post","type-post","status-publish","format-standard","has-post-thumbnail","hentry","category-informacion-general","category-portada"],"jetpack_featured_media_url":"https:\/\/i0.wp.com\/cdnoticias.com\/wp-content\/uploads\/2023\/01\/veronica-martinez-black-ioma.jpeg?fit=1191%2C663&ssl=1","jetpack_sharing_enabled":true,"_links":{"self":[{"href":"https:\/\/cdnoticias.com\/index.php\/wp-json\/wp\/v2\/posts\/75448","targetHints":{"allow":["GET"]}}],"collection":[{"href":"https:\/\/cdnoticias.com\/index.php\/wp-json\/wp\/v2\/posts"}],"about":[{"href":"https:\/\/cdnoticias.com\/index.php\/wp-json\/wp\/v2\/types\/post"}],"author":[{"embeddable":true,"href":"https:\/\/cdnoticias.com\/index.php\/wp-json\/wp\/v2\/users\/5"}],"replies":[{"embeddable":true,"href":"https:\/\/cdnoticias.com\/index.php\/wp-json\/wp\/v2\/comments?post=75448"}],"version-history":[{"count":0,"href":"https:\/\/cdnoticias.com\/index.php\/wp-json\/wp\/v2\/posts\/75448\/revisions"}],"wp:featuredmedia":[{"embeddable":true,"href":"https:\/\/cdnoticias.com\/index.php\/wp-json\/wp\/v2\/media\/75450"}],"wp:attachment":[{"href":"https:\/\/cdnoticias.com\/index.php\/wp-json\/wp\/v2\/media?parent=75448"}],"wp:term":[{"taxonomy":"category","embeddable":true,"href":"https:\/\/cdnoticias.com\/index.php\/wp-json\/wp\/v2\/categories?post=75448"},{"taxonomy":"post_tag","embeddable":true,"href":"https:\/\/cdnoticias.com\/index.php\/wp-json\/wp\/v2\/tags?post=75448"}],"curies":[{"name":"wp","href":"https:\/\/api.w.org\/{rel}","templated":true}]}}