{"id":75434,"date":"2023-01-25T17:30:02","date_gmt":"2023-01-25T20:30:02","guid":{"rendered":"https:\/\/www.centraldenoticias.com.ar\/?p=75434"},"modified":"2023-01-26T07:46:21","modified_gmt":"2023-01-26T10:46:21","slug":"potenciar-trabajo-cooperar-es-una-herramienta-que-da-oportunidades-a-muchas-personas","status":"publish","type":"post","link":"https:\/\/cdnoticias.com\/index.php\/2023\/01\/25\/potenciar-trabajo-cooperar-es-una-herramienta-que-da-oportunidades-a-muchas-personas\/","title":{"rendered":"Potenciar Trabajo Cooperar: &#8220;es una herramienta que da oportunidades a muchas personas&#8221;"},"content":{"rendered":"<p>Lo destac\u00f3 el referente del Foro Olavarr\u00eda &#8211; Frente Renovador, Eduardo Rodr\u00edguez. Actualmente trabajan en mantenimiento 26 olavarrienses. <!--more--><\/p>\n<hr \/>\n<p><strong>Potenciar Trabajo Cooperar<\/strong> contin\u00faa este a\u00f1o con las <strong>actividades en territorio iniciadas en 2022.<\/strong> Con un total de<strong> 26 titulares realizando las contraprestaciones,<\/strong> se realizan<strong> trabajos de mantenimiento<\/strong> en el predio no operativo de Trenes Argentinos ubicado en las calles Amparo Castro y V\u00e9lez Sarsfield.<\/p>\n<p>&nbsp;<\/p>\n<p>El Programa Potenciar Trabajo Cooperar se desarrolla en Olavarr\u00eda a trav\u00e9s de la Unidad Ejecutora Trenes Argentinos Capital Humano, en articulaci\u00f3n con el<strong> Foro Olavarr\u00eda &#8211; Frente Renovador,<\/strong> espacio que conducen <strong>Eduardo Rodr\u00edguez<\/strong>, la concejala<strong> In\u00e9s Creimer<\/strong> y el concejal <strong>Gast\u00f3n Sarachu<\/strong>. El equipo de Trabajo T\u00e9cnico y Territorial del Distrito de Olavarr\u00eda est\u00e1 formado por Agust\u00edn Alfonzo, Marisa Mart\u00ednez y Daiana Lobos.<\/p>\n<p>&nbsp;<\/p>\n<p><strong>Eduardo Rodr\u00edguez<\/strong> destac\u00f3 la implementaci\u00f3n del programa en Olavarr\u00eda resaltando que \u201c<em><strong>es una herramienta que da oportunidades a muchas personas para contar con formaci\u00f3n y tareas como puente a un empleo genuino, en l\u00ednea con lo propuesto por el Gobierno Nacional y Sergio Massa, a trav\u00e9s del trabajo efectivo en el predio\u201d.<\/strong><\/em><\/p>\n<p>&nbsp;<\/p>\n<p><img data-recalc-dims=\"1\" loading=\"lazy\" decoding=\"async\" class=\"aligncenter wp-image-75436 size-full\" src=\"https:\/\/i0.wp.com\/cdnoticias.com\/wp-content\/uploads\/2023\/01\/Potenciar-Trabajo-Cooperar-predio-1.jpg?resize=800%2C500&#038;ssl=1\" alt=\"\" width=\"800\" height=\"500\" srcset=\"https:\/\/i0.wp.com\/cdnoticias.com\/wp-content\/uploads\/2023\/01\/Potenciar-Trabajo-Cooperar-predio-1.jpg?w=800&amp;ssl=1 800w, https:\/\/i0.wp.com\/cdnoticias.com\/wp-content\/uploads\/2023\/01\/Potenciar-Trabajo-Cooperar-predio-1.jpg?resize=300%2C188&amp;ssl=1 300w, https:\/\/i0.wp.com\/cdnoticias.com\/wp-content\/uploads\/2023\/01\/Potenciar-Trabajo-Cooperar-predio-1.jpg?resize=768%2C480&amp;ssl=1 768w\" sizes=\"auto, (max-width: 800px) 100vw, 800px\" \/><\/p>\n<p>&nbsp;<\/p>\n<p>Potenciar Trabajo Cooperar se trata de un programa impulsado por el Ministerio de Desarrollo Social de Naci\u00f3n, en articulaci\u00f3n con otros Ministerios y \u00e1reas del Gobierno Nacional, entre ellos con el Ministerio de Transporte de la Naci\u00f3n.<\/p>\n<p>&nbsp;<\/p>\n<p>En Olavarr\u00eda, desde Trenes Argentinos Capital Humano, presidida por Dami\u00e1n Contreras, y bajo la coordinaci\u00f3n del responsable del Programa \u201cCooperar Potenciar Trabajo\u201d, Ezequiel Wajncer, se ofrece esta herramienta de <strong>empleabilidad y desarrollo social desde el a\u00f1o 2020<\/strong>, en contexto de pandemia. En este sentido, <strong>Potenciar Trabajo Cooperar en Olavarr\u00eda comenz\u00f3 con capacitaciones virtuales<\/strong> para sus 46 titulares quienes recibieron t\u00edtulos certificados en distintos oficios.<\/p>\n<p>&nbsp;<\/p>\n<p><em>&#8220;De este modo, Potenciar Trabajo se afianza como una herramienta de ayuda social con el fin de mejorar la empleabilidad y la generaci\u00f3n de propuestas productivas a trav\u00e9s de la terminalidad educativa, la formaci\u00f3n laboral y la capacitaci\u00f3n en oficios<\/em>&#8221; se indic\u00f3.<\/p>\n","protected":false},"excerpt":{"rendered":"<p>Lo destac\u00f3 el referente del Foro Olavarr\u00eda &#8211; Frente Renovador, Eduardo Rodr\u00edguez. Actualmente trabajan en mantenimiento 26 olavarrienses.<\/p>\n","protected":false},"author":6,"featured_media":75435,"comment_status":"closed","ping_status":"closed","sticky":false,"template":"","format":"standard","meta":{"_jetpack_memberships_contains_paid_content":false,"footnotes":""},"categories":[4,1],"tags":[],"class_list":["post-75434","post","type-post","status-publish","format-standard","has-post-thumbnail","hentry","category-politica","category-portada"],"jetpack_featured_media_url":"https:\/\/i0.wp.com\/cdnoticias.com\/wp-content\/uploads\/2023\/01\/Potenciar-Trabajo-Cooperar-predio.jpg?fit=800%2C500&ssl=1","jetpack_sharing_enabled":true,"_links":{"self":[{"href":"https:\/\/cdnoticias.com\/index.php\/wp-json\/wp\/v2\/posts\/75434","targetHints":{"allow":["GET"]}}],"collection":[{"href":"https:\/\/cdnoticias.com\/index.php\/wp-json\/wp\/v2\/posts"}],"about":[{"href":"https:\/\/cdnoticias.com\/index.php\/wp-json\/wp\/v2\/types\/post"}],"author":[{"embeddable":true,"href":"https:\/\/cdnoticias.com\/index.php\/wp-json\/wp\/v2\/users\/6"}],"replies":[{"embeddable":true,"href":"https:\/\/cdnoticias.com\/index.php\/wp-json\/wp\/v2\/comments?post=75434"}],"version-history":[{"count":0,"href":"https:\/\/cdnoticias.com\/index.php\/wp-json\/wp\/v2\/posts\/75434\/revisions"}],"wp:featuredmedia":[{"embeddable":true,"href":"https:\/\/cdnoticias.com\/index.php\/wp-json\/wp\/v2\/media\/75435"}],"wp:attachment":[{"href":"https:\/\/cdnoticias.com\/index.php\/wp-json\/wp\/v2\/media?parent=75434"}],"wp:term":[{"taxonomy":"category","embeddable":true,"href":"https:\/\/cdnoticias.com\/index.php\/wp-json\/wp\/v2\/categories?post=75434"},{"taxonomy":"post_tag","embeddable":true,"href":"https:\/\/cdnoticias.com\/index.php\/wp-json\/wp\/v2\/tags?post=75434"}],"curies":[{"name":"wp","href":"https:\/\/api.w.org\/{rel}","templated":true}]}}