{"id":75416,"date":"2023-01-24T17:20:22","date_gmt":"2023-01-24T20:20:22","guid":{"rendered":"https:\/\/www.centraldenoticias.com.ar\/?p=75416"},"modified":"2023-01-24T17:20:22","modified_gmt":"2023-01-24T20:20:22","slug":"adelante-radicales-presente-en-el-multitudinario-acto-bonaerense","status":"publish","type":"post","link":"https:\/\/cdnoticias.com\/index.php\/2023\/01\/24\/adelante-radicales-presente-en-el-multitudinario-acto-bonaerense\/","title":{"rendered":"Adelante Radicales presente en el multitudinario acto bonaerense"},"content":{"rendered":"<p>Con el lema \u201cMaxi Abad Gobernador\u201d se hizo sentir el fervor del radicalismo provincial.<!--more--><\/p>\n<hr \/>\n<p>D\u00edas pasados, <strong>la mayor\u00eda del radicalismo bonaerense confluy\u00f3 en un gran acto en Mar del Plata<\/strong>, encabezado por el presidente de la UCR Buenos Aires Maximiliano Abad.<\/p>\n<p>&nbsp;<\/p>\n<p>Con m\u00e1s de 5 mil personas, hubo <strong>representantes olavarrienses de Adelante Radicales<\/strong>. Se hicieron presentes <em>Antonela D\u00edaz, Fabi\u00e1n Irassar, Alejandra Malamud, Gaspar Verna, Leandro Lanceta, Ana Sais\u00ed y Rubem Nogueira.<\/em><\/p>\n<p>&nbsp;<\/p>\n<p>Con el lema<strong> \u201cMaxi Abad Gobernador\u201d<\/strong> y mucho fervor, tambi\u00e9n estuvieron presentes los legisladores seccionales Alejandra Lord\u00e9n y Alejandro Cellillo, adem\u00e1s de decenas de intendentes, legisladores y la participaci\u00f3n de Gast\u00f3n Manes, Ernesto Sanz, Jes\u00fas Rodr\u00edguez y Daniel Salvador. Mediante un video tambi\u00e9n <strong>estuvo presente el polit\u00f3logo olavarriense y parte de Adelante Radicales Olavarr\u00eda, Andr\u00e9s Malamud<\/strong>.<\/p>\n<p>&nbsp;<\/p>\n<blockquote><p>El balance de los radicales olavarrienses fue m\u00e1s que positivo. \u201cEstuvimos en Mar del Plata porque creemos que otra forma de hacer pol\u00edtica es posible y el radicalismo tiene que ser protagonista en todos los espacios institucionales este a\u00f1o eleccionario. Hacemos esto porque pensamos en el bien com\u00fan y transformarle la vida a la gente. El paso que dio Maxi Abad y casi la totalidad de la Uni\u00f3n C\u00edvica Radical de nuestra provincia es el inicio de una hoja de ruta que nos llevar\u00e1 a la prosperidad y el desarrollo\u201d, aseguraron.<\/p><\/blockquote>\n<p>&nbsp;<\/p>\n","protected":false},"excerpt":{"rendered":"<p>Con el lema \u201cMaxi Abad Gobernador\u201d se hizo sentir el fervor del radicalismo provincial.<\/p>\n","protected":false},"author":4,"featured_media":75417,"comment_status":"closed","ping_status":"closed","sticky":false,"template":"","format":"standard","meta":{"_jetpack_memberships_contains_paid_content":false,"footnotes":""},"categories":[4,1],"tags":[],"class_list":["post-75416","post","type-post","status-publish","format-standard","has-post-thumbnail","hentry","category-politica","category-portada"],"jetpack_featured_media_url":"https:\/\/i0.wp.com\/cdnoticias.com\/wp-content\/uploads\/2023\/01\/adelante-radicales-0.jpg?fit=800%2C445&ssl=1","jetpack_sharing_enabled":true,"_links":{"self":[{"href":"https:\/\/cdnoticias.com\/index.php\/wp-json\/wp\/v2\/posts\/75416","targetHints":{"allow":["GET"]}}],"collection":[{"href":"https:\/\/cdnoticias.com\/index.php\/wp-json\/wp\/v2\/posts"}],"about":[{"href":"https:\/\/cdnoticias.com\/index.php\/wp-json\/wp\/v2\/types\/post"}],"author":[{"embeddable":true,"href":"https:\/\/cdnoticias.com\/index.php\/wp-json\/wp\/v2\/users\/4"}],"replies":[{"embeddable":true,"href":"https:\/\/cdnoticias.com\/index.php\/wp-json\/wp\/v2\/comments?post=75416"}],"version-history":[{"count":0,"href":"https:\/\/cdnoticias.com\/index.php\/wp-json\/wp\/v2\/posts\/75416\/revisions"}],"wp:featuredmedia":[{"embeddable":true,"href":"https:\/\/cdnoticias.com\/index.php\/wp-json\/wp\/v2\/media\/75417"}],"wp:attachment":[{"href":"https:\/\/cdnoticias.com\/index.php\/wp-json\/wp\/v2\/media?parent=75416"}],"wp:term":[{"taxonomy":"category","embeddable":true,"href":"https:\/\/cdnoticias.com\/index.php\/wp-json\/wp\/v2\/categories?post=75416"},{"taxonomy":"post_tag","embeddable":true,"href":"https:\/\/cdnoticias.com\/index.php\/wp-json\/wp\/v2\/tags?post=75416"}],"curies":[{"name":"wp","href":"https:\/\/api.w.org\/{rel}","templated":true}]}}