{"id":75398,"date":"2023-01-24T13:43:26","date_gmt":"2023-01-24T16:43:26","guid":{"rendered":"https:\/\/www.centraldenoticias.com.ar\/?p=75398"},"modified":"2023-01-24T13:43:26","modified_gmt":"2023-01-24T16:43:26","slug":"a-nadie-le-llama-la-atencion-la-expresion-le-pidieron-plata-al-intendente-galli","status":"publish","type":"post","link":"https:\/\/cdnoticias.com\/index.php\/2023\/01\/24\/a-nadie-le-llama-la-atencion-la-expresion-le-pidieron-plata-al-intendente-galli\/","title":{"rendered":"\u201c\u00bfA nadie le llama la atenci\u00f3n la expresi\u00f3n \u00b4le pidieron plata al Intendente Galli\u00b4?\u201d"},"content":{"rendered":"<p>Lo plante\u00f3 la concejal Telma Cazot (Frente de Todos) en referencia a las expresiones del abogado Sergio Rold\u00e1n quien defiende a uno de los acusados en la causa por la venta ilegal de terrenos.<!--more--><\/p>\n<hr \/>\n<p><strong>La concejal Telma Cazot se pronunci\u00f3 en redes sobre los dichos del abogado Sergio Rold\u00e1n<\/strong> en referencia a la <strong>causa por la venta ilegal de terrenos<\/strong>. En una entrevista con <strong>Central de Noticias<\/strong>, el representante legal asever\u00f3 que en una movida a la que vincul\u00f3 a otros abogados locales <strong>hubo un pedido de dinero al jefe comunal<\/strong>.<\/p>\n<p>&nbsp;<\/p>\n<blockquote><p>La concejal del interbloque Frente de Todos mostr\u00f3 su sorpresa por las expresiones. \u201cEn una de las causa penales m\u00e1s importantes, que tiene en vilo a toda la comunidad olavarriense, de la que ha habido silencios, irregularidades, acusaciones a funcionarios, personas que dicen sentirse amenazadas, expresiones en medios de comunicaci\u00f3n de letrados o de implicados m\u00e1s que llamativas o al l\u00edmite con lo delictivo, \u00bfa nadie le llama la atenci\u00f3n la expresi\u00f3n \u00b4le pidieron plata al Intendente Galli\u00b4?\u201d manifest\u00f3 Cazot.<\/p><\/blockquote>\n<p>&nbsp;<\/p>\n<p>M\u00e1s adelante, la concejal Cazot consider\u00f3 que la Fiscal\u00eda de turno o la Fiscal\u00eda del caso \u201cdeber\u00edan actuar de oficio\u201d, y<strong> le pidi\u00f3 al Intendente si \u201c\u00bfnos puede decir si esto es verdad?\u201d.<\/strong><\/p>\n<p>&nbsp;<\/p>\n<p><a href=\"https:\/\/cdnoticias.com\/index.php\/2023\/01\/20\/sergio-roldan-peralta-nunca-declaro-en-el-expediente-y-no-va-a-declarar\/\" target=\"_blank\" rel=\"noopener\">El abogado Rold\u00e1n acus\u00f3 a otros dos profesionales de intentar cooptar a su cliente<\/a>, Claudio Peralta, uno de los acusados en el caso, y en ese marco afirm\u00f3 que <em>\u201cle hicieron ofrecimientos, hasta le dijeron que ellos no quer\u00edan nada. Despu\u00e9s fueron por atr\u00e1s y le pidieron plata al intendente Galli. Una trastada y en plena feria judicial\u201d<\/em>.<\/p>\n<p>&nbsp;<\/p>\n<p><iframe loading=\"lazy\" style=\"border: none; overflow: hidden;\" src=\"https:\/\/www.facebook.com\/plugins\/post.php?href=https%3A%2F%2Fwww.facebook.com%2Ftelma.cazot%2Fposts%2Fpfbid028u7dCQF77DQhdADrmfX5ATozBmWaKHdUWWcc8WoFTkFMRjGDJgzYcRvzXXtkRRxul&amp;show_text=true&amp;width=500\" width=\"500\" height=\"726\" frameborder=\"0\" scrolling=\"no\" allowfullscreen=\"allowfullscreen\"><\/iframe><\/p>\n<p>&nbsp;<\/p>\n","protected":false},"excerpt":{"rendered":"<p>Lo plante\u00f3 la concejal Telma Cazot (Frente de Todos) en referencia a las expresiones del abogado Sergio Rold\u00e1n quien defiende<\/p>\n","protected":false},"author":4,"featured_media":46736,"comment_status":"closed","ping_status":"closed","sticky":false,"template":"","format":"standard","meta":{"_jetpack_memberships_contains_paid_content":false,"footnotes":""},"categories":[4,1],"tags":[],"class_list":["post-75398","post","type-post","status-publish","format-standard","has-post-thumbnail","hentry","category-politica","category-portada"],"jetpack_featured_media_url":"https:\/\/i0.wp.com\/cdnoticias.com\/wp-content\/uploads\/2022\/02\/OCEBA-coopelectric-telma-cazot-1.jpeg?fit=1280%2C946&ssl=1","jetpack_sharing_enabled":true,"_links":{"self":[{"href":"https:\/\/cdnoticias.com\/index.php\/wp-json\/wp\/v2\/posts\/75398","targetHints":{"allow":["GET"]}}],"collection":[{"href":"https:\/\/cdnoticias.com\/index.php\/wp-json\/wp\/v2\/posts"}],"about":[{"href":"https:\/\/cdnoticias.com\/index.php\/wp-json\/wp\/v2\/types\/post"}],"author":[{"embeddable":true,"href":"https:\/\/cdnoticias.com\/index.php\/wp-json\/wp\/v2\/users\/4"}],"replies":[{"embeddable":true,"href":"https:\/\/cdnoticias.com\/index.php\/wp-json\/wp\/v2\/comments?post=75398"}],"version-history":[{"count":0,"href":"https:\/\/cdnoticias.com\/index.php\/wp-json\/wp\/v2\/posts\/75398\/revisions"}],"wp:featuredmedia":[{"embeddable":true,"href":"https:\/\/cdnoticias.com\/index.php\/wp-json\/wp\/v2\/media\/46736"}],"wp:attachment":[{"href":"https:\/\/cdnoticias.com\/index.php\/wp-json\/wp\/v2\/media?parent=75398"}],"wp:term":[{"taxonomy":"category","embeddable":true,"href":"https:\/\/cdnoticias.com\/index.php\/wp-json\/wp\/v2\/categories?post=75398"},{"taxonomy":"post_tag","embeddable":true,"href":"https:\/\/cdnoticias.com\/index.php\/wp-json\/wp\/v2\/tags?post=75398"}],"curies":[{"name":"wp","href":"https:\/\/api.w.org\/{rel}","templated":true}]}}