{"id":75387,"date":"2023-01-24T12:44:23","date_gmt":"2023-01-24T15:44:23","guid":{"rendered":"https:\/\/www.centraldenoticias.com.ar\/?p=75387"},"modified":"2023-01-24T12:44:23","modified_gmt":"2023-01-24T15:44:23","slug":"uno-de-los-accidentados-en-ruta-51-permanece-internado-en-terapia-intensiva","status":"publish","type":"post","link":"https:\/\/cdnoticias.com\/index.php\/2023\/01\/24\/uno-de-los-accidentados-en-ruta-51-permanece-internado-en-terapia-intensiva\/","title":{"rendered":"Uno de los accidentados en Ruta 51 permanece internado en terapia intensiva"},"content":{"rendered":"<p>Se trata de un joven de 30 a\u00f1os que estuvo involucrado en el accidente entre un auto y una camioneta en el paso a nivel de San Jacinto.<!--more--><\/p>\n<hr \/>\n<p>Uno de los heridos del<a href=\"https:\/\/cdnoticias.com\/index.php\/2023\/01\/23\/choque-en-ruta-51-varias-personas-resultaron-heridas\/\" target=\"_blank\" rel=\"noopener\"> fuerte accidente que se produjo el lunes al mediod\u00eda en Ruta 51 y el paso a nivel de San Jacinto,<\/a> contin\u00faa internado en el Hospital Municipal. El joven de 30 a\u00f1os, result\u00f3 con heridas de gravedad y debi\u00f3 ser trasladado al centro de salud.<\/p>\n<p>&nbsp;<\/p>\n<blockquote><p>Este lunes, indicaron que se encuentra \u201cestable\u201d y permanece alojado en el \u00e1rea de cuidados intensivos. Adem\u00e1s, se inform\u00f3 que la joven de 25 a\u00f1os que hab\u00eda ingresado con heridas de consideraci\u00f3n, \u201cevoluciona\u201d en el sector de Guardia.<\/p><\/blockquote>\n<p>&nbsp;<\/p>\n<p><img data-recalc-dims=\"1\" loading=\"lazy\" decoding=\"async\" class=\"aligncenter size-full wp-image-75299\" src=\"https:\/\/i0.wp.com\/cdnoticias.com\/wp-content\/uploads\/2023\/01\/accidente-ruta51-san-jacinto-01.jpg?resize=800%2C445&#038;ssl=1\" alt=\"\" width=\"800\" height=\"445\" srcset=\"https:\/\/i0.wp.com\/cdnoticias.com\/wp-content\/uploads\/2023\/01\/accidente-ruta51-san-jacinto-01.jpg?w=1280&amp;ssl=1 1280w, https:\/\/i0.wp.com\/cdnoticias.com\/wp-content\/uploads\/2023\/01\/accidente-ruta51-san-jacinto-01.jpg?resize=300%2C167&amp;ssl=1 300w, https:\/\/i0.wp.com\/cdnoticias.com\/wp-content\/uploads\/2023\/01\/accidente-ruta51-san-jacinto-01.jpg?resize=1024%2C570&amp;ssl=1 1024w, https:\/\/i0.wp.com\/cdnoticias.com\/wp-content\/uploads\/2023\/01\/accidente-ruta51-san-jacinto-01.jpg?resize=768%2C427&amp;ssl=1 768w, https:\/\/i0.wp.com\/cdnoticias.com\/wp-content\/uploads\/2023\/01\/accidente-ruta51-san-jacinto-01.jpg?resize=800%2C445&amp;ssl=1 800w\" sizes=\"auto, (max-width: 800px) 100vw, 800px\" \/><\/p>\n<p>&nbsp;<\/p>\n<p>Cabe recordar que del siniestro vial, entre un auto Volkswagen Gol y una camioneta Peugeot, tuvo un saldo de <strong>cinco personas heridas<\/strong>: un hombre de unos 30 a\u00f1os con heridas de gravedad, una joven de 25 con heridas de consideraci\u00f3n y un adolescente y dos ni\u00f1os con heridas leves, que fueron dados de alta durante la tarde del lunes.<\/p>\n<p>&nbsp;<\/p>\n<p>Trabajaron en el lugar personal de la subcomisar\u00eda de Loma Negra, a cargo de N\u00e9stor Schneider y bomberos voluntarios de Loma Negra y Olavarr\u00eda para rescatar a una persona que hab\u00eda quedado atrapada en el veh\u00edculo.<\/p>\n<p>&nbsp;<\/p>\n","protected":false},"excerpt":{"rendered":"<p>Se trata de un joven de 30 a\u00f1os que estuvo involucrado en el accidente entre un auto y una camioneta<\/p>\n","protected":false},"author":5,"featured_media":75390,"comment_status":"closed","ping_status":"closed","sticky":false,"template":"","format":"standard","meta":{"_jetpack_memberships_contains_paid_content":false,"footnotes":""},"categories":[14,1],"tags":[],"class_list":["post-75387","post","type-post","status-publish","format-standard","has-post-thumbnail","hentry","category-policiales","category-portada"],"jetpack_featured_media_url":"https:\/\/i0.wp.com\/cdnoticias.com\/wp-content\/uploads\/2023\/01\/accidente-ruta51-san-jacinto-03-scaled.jpg?fit=2560%2C1424&ssl=1","jetpack_sharing_enabled":true,"_links":{"self":[{"href":"https:\/\/cdnoticias.com\/index.php\/wp-json\/wp\/v2\/posts\/75387","targetHints":{"allow":["GET"]}}],"collection":[{"href":"https:\/\/cdnoticias.com\/index.php\/wp-json\/wp\/v2\/posts"}],"about":[{"href":"https:\/\/cdnoticias.com\/index.php\/wp-json\/wp\/v2\/types\/post"}],"author":[{"embeddable":true,"href":"https:\/\/cdnoticias.com\/index.php\/wp-json\/wp\/v2\/users\/5"}],"replies":[{"embeddable":true,"href":"https:\/\/cdnoticias.com\/index.php\/wp-json\/wp\/v2\/comments?post=75387"}],"version-history":[{"count":0,"href":"https:\/\/cdnoticias.com\/index.php\/wp-json\/wp\/v2\/posts\/75387\/revisions"}],"wp:featuredmedia":[{"embeddable":true,"href":"https:\/\/cdnoticias.com\/index.php\/wp-json\/wp\/v2\/media\/75390"}],"wp:attachment":[{"href":"https:\/\/cdnoticias.com\/index.php\/wp-json\/wp\/v2\/media?parent=75387"}],"wp:term":[{"taxonomy":"category","embeddable":true,"href":"https:\/\/cdnoticias.com\/index.php\/wp-json\/wp\/v2\/categories?post=75387"},{"taxonomy":"post_tag","embeddable":true,"href":"https:\/\/cdnoticias.com\/index.php\/wp-json\/wp\/v2\/tags?post=75387"}],"curies":[{"name":"wp","href":"https:\/\/api.w.org\/{rel}","templated":true}]}}