{"id":75345,"date":"2023-01-23T18:30:13","date_gmt":"2023-01-23T21:30:13","guid":{"rendered":"https:\/\/www.centraldenoticias.com.ar\/?p=75345"},"modified":"2023-01-23T18:30:13","modified_gmt":"2023-01-23T21:30:13","slug":"tres-oferentes-para-realizar-la-aislacion-del-techo-del-edificio-de-artes-visuales","status":"publish","type":"post","link":"https:\/\/cdnoticias.com\/index.php\/2023\/01\/23\/tres-oferentes-para-realizar-la-aislacion-del-techo-del-edificio-de-artes-visuales\/","title":{"rendered":"Tres oferentes para realizar la aislaci\u00f3n del techo del edificio de Artes Visuales"},"content":{"rendered":"<p>Se trata del edificio ubicado sobre autopista Luciano Fortabat y Las Orqu\u00eddeas.<!--more--><\/p>\n<hr \/>\n<p>El pasado viernes se llev\u00f3 a cabo el<strong> acto de apertura de sobres de oferentes<\/strong> para la Licitaci\u00f3n Privada 2\/23, que tiene como objetivo la<strong> aislaci\u00f3n en el techo del edificio de Artes Visuales<\/strong>, ubicado sobre <strong>autopista Luciano Fortabat y Las Orqu\u00eddeas.<\/strong><\/p>\n<p>&nbsp;<\/p>\n<p>El acto se desarroll\u00f3 a partir de las 11 horas y fue encabezado por el jefe de Compras de la Municipalidad de Olavarr\u00eda, Marcelino Bahurlet. En la ocasi\u00f3n se presentaron tres ofertas:<\/p>\n<p>&nbsp;<\/p>\n<p><strong>Proponente N\u00b0 1<\/strong>: Servicio y Venta de Impermeabilizaciones SRL, que cotiz\u00f3 la suma de <strong>$4.448.128 pesos.<\/strong><\/p>\n<p>&nbsp;<\/p>\n<p><strong>Proponente N\u00b0 2:<\/strong> Di Leo Gerardo Gabriel, que cotiz\u00f3 la suma de <strong>$5.628.082,30 pesos.<\/strong><\/p>\n<p>&nbsp;<\/p>\n<p><strong>Proponente N\u00b0 3<\/strong>: Wagner Vilma Noem\u00ed, que cotiz\u00f3 la suma de <strong>$4.129.000 pesos.<\/strong><\/p>\n<p>&nbsp;<\/p>\n<p>Con respecto al proyecto se precis\u00f3 que consta de la construcci\u00f3n de<strong> aislaci\u00f3n sobre techo de chapa existente en el edificio de artes visuales<\/strong>, con una superficie a cubrir de 620 m2 totales. La aislaci\u00f3n se har\u00e1 con un sistema de placas de EPS y membrana geotextil, que se colocar\u00e1 por fuera de la chapa, ya que no es posible la aislaci\u00f3n del lado interno del techo.<\/p>\n<p>&nbsp;<\/p>\n<p>Por \u00faltimo, se enfatiz\u00f3 que esta aislaci\u00f3n e impermeabilizaci\u00f3n se llevar\u00e1 a cabo para impedir que se creen puentes t\u00e9rmicos dentro de las estructuras, generando as\u00ed condensaci\u00f3n y humedad.<\/p>\n","protected":false},"excerpt":{"rendered":"<p>Se trata del edificio ubicado sobre autopista Luciano Fortabat y Las Orqu\u00eddeas.<\/p>\n","protected":false},"author":6,"featured_media":75346,"comment_status":"closed","ping_status":"closed","sticky":false,"template":"","format":"standard","meta":{"_jetpack_memberships_contains_paid_content":false,"footnotes":""},"categories":[5,1],"tags":[],"class_list":["post-75345","post","type-post","status-publish","format-standard","has-post-thumbnail","hentry","category-informacion-general","category-portada"],"jetpack_featured_media_url":"https:\/\/i0.wp.com\/cdnoticias.com\/wp-content\/uploads\/2023\/01\/Obras-Recorrida-Artes-Visuales-1-1024x685-1.jpg?fit=1024%2C685&ssl=1","jetpack_sharing_enabled":true,"_links":{"self":[{"href":"https:\/\/cdnoticias.com\/index.php\/wp-json\/wp\/v2\/posts\/75345","targetHints":{"allow":["GET"]}}],"collection":[{"href":"https:\/\/cdnoticias.com\/index.php\/wp-json\/wp\/v2\/posts"}],"about":[{"href":"https:\/\/cdnoticias.com\/index.php\/wp-json\/wp\/v2\/types\/post"}],"author":[{"embeddable":true,"href":"https:\/\/cdnoticias.com\/index.php\/wp-json\/wp\/v2\/users\/6"}],"replies":[{"embeddable":true,"href":"https:\/\/cdnoticias.com\/index.php\/wp-json\/wp\/v2\/comments?post=75345"}],"version-history":[{"count":0,"href":"https:\/\/cdnoticias.com\/index.php\/wp-json\/wp\/v2\/posts\/75345\/revisions"}],"wp:featuredmedia":[{"embeddable":true,"href":"https:\/\/cdnoticias.com\/index.php\/wp-json\/wp\/v2\/media\/75346"}],"wp:attachment":[{"href":"https:\/\/cdnoticias.com\/index.php\/wp-json\/wp\/v2\/media?parent=75345"}],"wp:term":[{"taxonomy":"category","embeddable":true,"href":"https:\/\/cdnoticias.com\/index.php\/wp-json\/wp\/v2\/categories?post=75345"},{"taxonomy":"post_tag","embeddable":true,"href":"https:\/\/cdnoticias.com\/index.php\/wp-json\/wp\/v2\/tags?post=75345"}],"curies":[{"name":"wp","href":"https:\/\/api.w.org\/{rel}","templated":true}]}}