{"id":75341,"date":"2023-01-27T08:55:43","date_gmt":"2023-01-27T11:55:43","guid":{"rendered":"https:\/\/www.centraldenoticias.com.ar\/?p=75341"},"modified":"2023-01-27T10:14:46","modified_gmt":"2023-01-27T13:14:46","slug":"este-domingo-se-inaugura-el-paseo-de-los-artesanos","status":"publish","type":"post","link":"https:\/\/cdnoticias.com\/index.php\/2023\/01\/27\/este-domingo-se-inaugura-el-paseo-de-los-artesanos\/","title":{"rendered":"Este domingo se inaugura el \u201cPaseo de los artesanos\u201d"},"content":{"rendered":"<p>Ser\u00e1 en la zona del parque del Bicentenario desde las 18:00. <!--more--><\/p>\n<hr \/>\n<p>El pr\u00f3ximo <strong>domingo 29 de enero<\/strong>, desde las<strong> 18:00<\/strong>\u00a0se realizar\u00e1 la<strong> inauguraci\u00f3n<\/strong> del <strong>&#8220;Paseo de los artesanos&#8221;.\u00a0<\/strong><\/p>\n<p>&nbsp;<\/p>\n<p>Ser\u00e1 en la <strong>zona del\u00a0parque del Bicentenario<\/strong>, ubicado en <strong>Brown entre Del Valle y V\u00e9lez Sarsfield<\/strong> y durante la jornada se llevar\u00e1 a cabo una <strong>feria de artesanos<\/strong> fiscalizados por el municipio y adem\u00e1s habr\u00e1 <strong>propuestas musicales.<\/strong><\/p>\n<p>&nbsp;<\/p>\n<p>En esta ocasi\u00f3n, participar\u00e1 <strong>Five O\u00b4Clock<\/strong> vinyls bands, integrada por Julio Rollhaiser, Daniel Rodr\u00edguez, Elvio Digiani, Emilio Caminada y Jos\u00e9 Saez: una banda que interpreta con total respeto la m\u00fasica de uno de los m\u00e1s grandes grupos musicales de la historia (\u201cThe Beatles\u201d).<\/p>\n<p>&nbsp;<\/p>\n<p>Tambi\u00e9n se presentar\u00e1 <strong>Agayudos,<\/strong> que es la comuni\u00f3n de cuatro hombres, con visiones, con retratos de infancia, y un camino trazado a sangre y fuego. Se reunieron como qui\u00e9n dice \u201ccon los vientos remolinados\u201d, all\u00e1 por julio de 2010 en Laprida, provincia de Buenos Aires e interpretan estilos musicales como folklore, candombe, milonga, entre otros. Est\u00e1 integrado por Cristian Torres (bajo), Sebasti\u00e1n L\u00f3pez (guitarra), Anator L\u00f3pez (percusi\u00f3n) y Hugo Cejas (bandone\u00f3n).<\/p>\n","protected":false},"excerpt":{"rendered":"<p>Ser\u00e1 en la zona del parque del Bicentenario desde las 18:00.<\/p>\n","protected":false},"author":6,"featured_media":75342,"comment_status":"closed","ping_status":"closed","sticky":false,"template":"","format":"standard","meta":{"_jetpack_memberships_contains_paid_content":false,"footnotes":""},"categories":[9,1],"tags":[],"class_list":["post-75341","post","type-post","status-publish","format-standard","has-post-thumbnail","hentry","category-cultura","category-portada"],"jetpack_featured_media_url":"https:\/\/i0.wp.com\/cdnoticias.com\/wp-content\/uploads\/2023\/01\/Cultura-Fiscalizacion-Artesanos-1024x682-1.jpg?fit=1024%2C682&ssl=1","jetpack_sharing_enabled":true,"_links":{"self":[{"href":"https:\/\/cdnoticias.com\/index.php\/wp-json\/wp\/v2\/posts\/75341","targetHints":{"allow":["GET"]}}],"collection":[{"href":"https:\/\/cdnoticias.com\/index.php\/wp-json\/wp\/v2\/posts"}],"about":[{"href":"https:\/\/cdnoticias.com\/index.php\/wp-json\/wp\/v2\/types\/post"}],"author":[{"embeddable":true,"href":"https:\/\/cdnoticias.com\/index.php\/wp-json\/wp\/v2\/users\/6"}],"replies":[{"embeddable":true,"href":"https:\/\/cdnoticias.com\/index.php\/wp-json\/wp\/v2\/comments?post=75341"}],"version-history":[{"count":0,"href":"https:\/\/cdnoticias.com\/index.php\/wp-json\/wp\/v2\/posts\/75341\/revisions"}],"wp:featuredmedia":[{"embeddable":true,"href":"https:\/\/cdnoticias.com\/index.php\/wp-json\/wp\/v2\/media\/75342"}],"wp:attachment":[{"href":"https:\/\/cdnoticias.com\/index.php\/wp-json\/wp\/v2\/media?parent=75341"}],"wp:term":[{"taxonomy":"category","embeddable":true,"href":"https:\/\/cdnoticias.com\/index.php\/wp-json\/wp\/v2\/categories?post=75341"},{"taxonomy":"post_tag","embeddable":true,"href":"https:\/\/cdnoticias.com\/index.php\/wp-json\/wp\/v2\/tags?post=75341"}],"curies":[{"name":"wp","href":"https:\/\/api.w.org\/{rel}","templated":true}]}}