{"id":75317,"date":"2023-01-23T19:05:54","date_gmt":"2023-01-23T22:05:54","guid":{"rendered":"https:\/\/www.centraldenoticias.com.ar\/?p=75317"},"modified":"2023-01-23T19:05:54","modified_gmt":"2023-01-23T22:05:54","slug":"este-martes-habra-un-corte-de-luz-en-zona-rural","status":"publish","type":"post","link":"https:\/\/cdnoticias.com\/index.php\/2023\/01\/23\/este-martes-habra-un-corte-de-luz-en-zona-rural\/","title":{"rendered":"Este martes habr\u00e1 un corte de luz en zona rural"},"content":{"rendered":"<p>Ser\u00e1 de 8:30 a 11:30 por tareas de mantenimiento. <!--more--><\/p>\n<hr \/>\n<p>Desde Coopelectric se inform\u00f3 que durante este<strong> martes 24 se llevar\u00e1 a cabo un corte de luz<\/strong> por <strong>tareas de mantenimiento.<\/strong><\/p>\n<p>&nbsp;<\/p>\n<p>Se indic\u00f3 que el corte afectar\u00e1 la <strong>localidad de Espigas y zona aleda\u00f1a.<\/strong><\/p>\n<p>&nbsp;<\/p>\n<p>Por \u00faltimo se\u00f1alaron que puede suspenderse sin las condiciones clim\u00e1ticas son adversas. En tal caso, las tareas ser\u00e1n reprogramadas.<\/p>\n","protected":false},"excerpt":{"rendered":"<p>Ser\u00e1 de 8:30 a 11:30 por tareas de mantenimiento.<\/p>\n","protected":false},"author":6,"featured_media":41403,"comment_status":"closed","ping_status":"closed","sticky":false,"template":"","format":"standard","meta":{"_jetpack_memberships_contains_paid_content":false,"footnotes":""},"categories":[5,1],"tags":[],"class_list":["post-75317","post","type-post","status-publish","format-standard","has-post-thumbnail","hentry","category-informacion-general","category-portada"],"jetpack_featured_media_url":"https:\/\/i0.wp.com\/cdnoticias.com\/wp-content\/uploads\/2021\/12\/coopelectric-camion.jpg?fit=1600%2C890&ssl=1","jetpack_sharing_enabled":true,"_links":{"self":[{"href":"https:\/\/cdnoticias.com\/index.php\/wp-json\/wp\/v2\/posts\/75317","targetHints":{"allow":["GET"]}}],"collection":[{"href":"https:\/\/cdnoticias.com\/index.php\/wp-json\/wp\/v2\/posts"}],"about":[{"href":"https:\/\/cdnoticias.com\/index.php\/wp-json\/wp\/v2\/types\/post"}],"author":[{"embeddable":true,"href":"https:\/\/cdnoticias.com\/index.php\/wp-json\/wp\/v2\/users\/6"}],"replies":[{"embeddable":true,"href":"https:\/\/cdnoticias.com\/index.php\/wp-json\/wp\/v2\/comments?post=75317"}],"version-history":[{"count":0,"href":"https:\/\/cdnoticias.com\/index.php\/wp-json\/wp\/v2\/posts\/75317\/revisions"}],"wp:featuredmedia":[{"embeddable":true,"href":"https:\/\/cdnoticias.com\/index.php\/wp-json\/wp\/v2\/media\/41403"}],"wp:attachment":[{"href":"https:\/\/cdnoticias.com\/index.php\/wp-json\/wp\/v2\/media?parent=75317"}],"wp:term":[{"taxonomy":"category","embeddable":true,"href":"https:\/\/cdnoticias.com\/index.php\/wp-json\/wp\/v2\/categories?post=75317"},{"taxonomy":"post_tag","embeddable":true,"href":"https:\/\/cdnoticias.com\/index.php\/wp-json\/wp\/v2\/tags?post=75317"}],"curies":[{"name":"wp","href":"https:\/\/api.w.org\/{rel}","templated":true}]}}