{"id":75307,"date":"2023-01-24T17:00:50","date_gmt":"2023-01-24T20:00:50","guid":{"rendered":"https:\/\/www.centraldenoticias.com.ar\/?p=75307"},"modified":"2023-01-24T17:00:50","modified_gmt":"2023-01-24T20:00:50","slug":"sarachu-el-campo-necesita-ayuda-y-massa-trabaja-en-buscar-soluciones-para-el-sector","status":"publish","type":"post","link":"https:\/\/cdnoticias.com\/index.php\/2023\/01\/24\/sarachu-el-campo-necesita-ayuda-y-massa-trabaja-en-buscar-soluciones-para-el-sector\/","title":{"rendered":"Sarachu: \u201cel campo necesita ayuda y Massa trabaja en buscar soluciones para el sector\u201d"},"content":{"rendered":"<p>Lo manifest\u00f3 el concejal luego de las reuniones que el ministro mantuvo con representantes del sector agropecuario. Tambi\u00e9n destac\u00f3 las gestiones de Eduardo Rodr\u00edguez para que las pol\u00edticas lleguen a Olavarr\u00eda.<!--more--><\/p>\n<hr \/>\n<p>En los \u00faltimos d\u00edas, el ministro de Econom\u00eda, Sergio Massa, impuls\u00f3 una Mesa de Trabajo junto a AFIP, INTA, Banco Naci\u00f3n, distintas secretar\u00edas del Ministerio de Econom\u00eda y representantes del sector agropecuario con el objetivo de<strong> atender las problem\u00e1ticas derivadas de la preocupante sequ\u00eda.<\/strong><\/p>\n<p>&nbsp;<\/p>\n<p>A la espera de las medidas que el Gobierno Nacional efectuar\u00e1 en los pr\u00f3ximos d\u00edas para contrarrestar la crisis originada por la falta de lluvias, desde la gobernaci\u00f3n provincial de Axel Kicillof, a trav\u00e9s del Banco Provincia, se otorgan cr\u00e9ditos especiales a peque\u00f1os y medianos productores. Esta iniciativa surge de la <strong>declaraci\u00f3n de la emergencia agropecuaria del pasado 11 de noviembre de 2022.<\/strong><\/p>\n<p>&nbsp;<\/p>\n<p><img data-recalc-dims=\"1\" loading=\"lazy\" decoding=\"async\" class=\"aligncenter size-full wp-image-75309\" src=\"https:\/\/i0.wp.com\/cdnoticias.com\/wp-content\/uploads\/2023\/01\/Rodriguez-Massa-Sarachu.jpg?resize=800%2C500&#038;ssl=1\" alt=\"\" width=\"800\" height=\"500\" srcset=\"https:\/\/i0.wp.com\/cdnoticias.com\/wp-content\/uploads\/2023\/01\/Rodriguez-Massa-Sarachu.jpg?w=800&amp;ssl=1 800w, https:\/\/i0.wp.com\/cdnoticias.com\/wp-content\/uploads\/2023\/01\/Rodriguez-Massa-Sarachu.jpg?resize=300%2C188&amp;ssl=1 300w, https:\/\/i0.wp.com\/cdnoticias.com\/wp-content\/uploads\/2023\/01\/Rodriguez-Massa-Sarachu.jpg?resize=768%2C480&amp;ssl=1 768w\" sizes=\"auto, (max-width: 800px) 100vw, 800px\" \/><\/p>\n<p>&nbsp;<\/p>\n<p>El concejal del Foro Olavarr\u00eda &#8211; Frente Renovador en el Frente de Todos, Gast\u00f3n Sarachu, se expres\u00f3 al respecto de las reuniones del Ministro, Sergio Massa, con representantes del sector agropecuario.<strong> \u201cEl campo necesita ayuda y Sergio Massa trabaja en buscar soluciones para el sector\u201d<\/strong>, indic\u00f3.<\/p>\n<p>&nbsp;<\/p>\n<blockquote><p>En este sentido, el concejal tambi\u00e9n destac\u00f3 la labor de Eduardo Rodr\u00edguez, referente del massismo en Olavarr\u00eda, en cuanto \u201ca las gestiones que realiza con distintos funcionarios Nacionales y Provinciales para que estas medidas lleguen a Olavarr\u00eda\u201d.<\/p><\/blockquote>\n<p>&nbsp;<\/p>\n<p>En l\u00ednea con lo dicho por el ministro de Econom\u00eda, Sarachu se\u00f1al\u00f3 que \u201cel campo es uno de los principales motores de nuestra econom\u00eda, junto con la industria, y <strong>en esta situaci\u00f3n cr\u00edtica el Estado se ocupa de brindar soluciones<\/strong>\u201d.<\/p>\n","protected":false},"excerpt":{"rendered":"<p>Lo manifest\u00f3 el concejal luego de las reuniones que el ministro mantuvo con representantes del sector agropecuario. Tambi\u00e9n destac\u00f3 las<\/p>\n","protected":false},"author":5,"featured_media":73442,"comment_status":"closed","ping_status":"closed","sticky":false,"template":"","format":"standard","meta":{"_jetpack_memberships_contains_paid_content":false,"footnotes":""},"categories":[4,1],"tags":[],"class_list":["post-75307","post","type-post","status-publish","format-standard","has-post-thumbnail","hentry","category-politica","category-portada"],"jetpack_featured_media_url":"https:\/\/i0.wp.com\/cdnoticias.com\/wp-content\/uploads\/2022\/12\/HCD-gaston-sarachu.jpg?fit=800%2C445&ssl=1","jetpack_sharing_enabled":true,"_links":{"self":[{"href":"https:\/\/cdnoticias.com\/index.php\/wp-json\/wp\/v2\/posts\/75307","targetHints":{"allow":["GET"]}}],"collection":[{"href":"https:\/\/cdnoticias.com\/index.php\/wp-json\/wp\/v2\/posts"}],"about":[{"href":"https:\/\/cdnoticias.com\/index.php\/wp-json\/wp\/v2\/types\/post"}],"author":[{"embeddable":true,"href":"https:\/\/cdnoticias.com\/index.php\/wp-json\/wp\/v2\/users\/5"}],"replies":[{"embeddable":true,"href":"https:\/\/cdnoticias.com\/index.php\/wp-json\/wp\/v2\/comments?post=75307"}],"version-history":[{"count":0,"href":"https:\/\/cdnoticias.com\/index.php\/wp-json\/wp\/v2\/posts\/75307\/revisions"}],"wp:featuredmedia":[{"embeddable":true,"href":"https:\/\/cdnoticias.com\/index.php\/wp-json\/wp\/v2\/media\/73442"}],"wp:attachment":[{"href":"https:\/\/cdnoticias.com\/index.php\/wp-json\/wp\/v2\/media?parent=75307"}],"wp:term":[{"taxonomy":"category","embeddable":true,"href":"https:\/\/cdnoticias.com\/index.php\/wp-json\/wp\/v2\/categories?post=75307"},{"taxonomy":"post_tag","embeddable":true,"href":"https:\/\/cdnoticias.com\/index.php\/wp-json\/wp\/v2\/tags?post=75307"}],"curies":[{"name":"wp","href":"https:\/\/api.w.org\/{rel}","templated":true}]}}