{"id":75252,"date":"2023-01-22T19:55:04","date_gmt":"2023-01-22T22:55:04","guid":{"rendered":"https:\/\/www.centraldenoticias.com.ar\/?p=75252"},"modified":"2023-01-22T19:55:04","modified_gmt":"2023-01-22T22:55:04","slug":"llego-nueva-maquinaria-industrial-para-la-planta-de-clasificacion-y-compostaje","status":"publish","type":"post","link":"https:\/\/cdnoticias.com\/index.php\/2023\/01\/22\/llego-nueva-maquinaria-industrial-para-la-planta-de-clasificacion-y-compostaje\/","title":{"rendered":"Lleg\u00f3 nueva maquinaria industrial para la Planta de Clasificaci\u00f3n y Compostaje"},"content":{"rendered":"<p>Hab\u00edan sido adquiridas en abril de 2022 y fueron entregadas por el proveedor \u201cpor el avance de los trabajos\u201d.<!--more--><\/p>\n<hr \/>\n<p>La Direcci\u00f3n de Desarrollo Sustentable, que depende de la Secretar\u00eda de Desarrollo Econ\u00f3mico, inform\u00f3 d\u00edas atr\u00e1s en las \u00faltimas horas<strong> lleg\u00f3 al predio de la nueva Planta de Clasificaci\u00f3n y Compostaje una nueva tanda de los equipos adquiridos durante el mes de abril de 2022.<\/strong><\/p>\n<p>&nbsp;<\/p>\n<p>Desde el \u00e1rea se expres\u00f3 que la segunda quincena de enero trajo grandes expectativas para el <strong>Programa GIRO<\/strong>, que recibi\u00f3 en su <strong>Planta de Clasificaci\u00f3n parte de la maquinaria industrial adquirida en 2022 y que es entregada por los proveedores a medida que avanzan las obras de ampliaci\u00f3n.<\/strong><\/p>\n<p>&nbsp;<\/p>\n<blockquote><p>Los equipos que llegaron fueron la prensa horizontal para envases y latas, un elevador de contenedores de material seleccionado, un contenedor m\u00f3vil de material seleccionado, la tolva para la cinta de alimentaci\u00f3n y las estructuras y plataformas adicionales de la cinta de clasificaci\u00f3n.<\/p><\/blockquote>\n<p>&nbsp;<\/p>\n<p>Estos nuevos equipos se suman a los ya recibidos: <strong>dos balanzas, una que ser\u00e1 utilizada para el pesaje de fardos de materiales reciclables, y otra que servir\u00e1 para realizar el pesaje por eje de los camiones que ingresen con la recolecci\u00f3n diferenciada, una minicargadora (o mini pala cargadora), un autoelevador y una prensa vertical para compactar pl\u00e1sticos, cart\u00f3n y papel.<\/strong><\/p>\n<p>&nbsp;<\/p>\n<p>En lo que respecta a los avances de obra,<strong> en la Planta de Clasificaci\u00f3n dieron por finalizado el trabajo de la fosa que permitir\u00e1 instalar la cinta de alimentaci\u00f3n y emplazar la platea de \u00e1rea de descarga.<\/strong><\/p>\n<p>&nbsp;<\/p>\n<p><img data-recalc-dims=\"1\" loading=\"lazy\" decoding=\"async\" class=\"alignnone size-large wp-image-75254\" src=\"https:\/\/i0.wp.com\/cdnoticias.com\/wp-content\/uploads\/2023\/01\/DE-Planta-GIRO-4.jpeg?resize=800%2C534&#038;ssl=1\" alt=\"\" width=\"800\" height=\"534\" srcset=\"https:\/\/i0.wp.com\/cdnoticias.com\/wp-content\/uploads\/2023\/01\/DE-Planta-GIRO-4.jpeg?resize=1024%2C683&amp;ssl=1 1024w, https:\/\/i0.wp.com\/cdnoticias.com\/wp-content\/uploads\/2023\/01\/DE-Planta-GIRO-4.jpeg?resize=300%2C200&amp;ssl=1 300w, https:\/\/i0.wp.com\/cdnoticias.com\/wp-content\/uploads\/2023\/01\/DE-Planta-GIRO-4.jpeg?resize=768%2C512&amp;ssl=1 768w, https:\/\/i0.wp.com\/cdnoticias.com\/wp-content\/uploads\/2023\/01\/DE-Planta-GIRO-4.jpeg?resize=1536%2C1024&amp;ssl=1 1536w, https:\/\/i0.wp.com\/cdnoticias.com\/wp-content\/uploads\/2023\/01\/DE-Planta-GIRO-4.jpeg?resize=272%2C182&amp;ssl=1 272w, https:\/\/i0.wp.com\/cdnoticias.com\/wp-content\/uploads\/2023\/01\/DE-Planta-GIRO-4.jpeg?w=1920&amp;ssl=1 1920w, https:\/\/i0.wp.com\/cdnoticias.com\/wp-content\/uploads\/2023\/01\/DE-Planta-GIRO-4.jpeg?w=1600&amp;ssl=1 1600w\" sizes=\"auto, (max-width: 800px) 100vw, 800px\" \/><\/p>\n<p>&nbsp;<\/p>\n<p>Adem\u00e1s, <strong>se concret\u00f3 la uni\u00f3n del galp\u00f3n existente con el nuevo y se comenz\u00f3 con la construcci\u00f3n de los nuevos ba\u00f1os y vestuarios para los trabajadores de las plantas.<\/strong> En la misma l\u00ednea, en el sector para la futura Planta de Compostaje dieron por iniciada la colocaci\u00f3n de las plateas en las que armar\u00e1n las futuras pilas de material compostable.<\/p>\n<p>&nbsp;<\/p>\n<p>Junto a las tareas que concluyeron meses atr\u00e1s y que oportunamente fueron anunciadas (liberaci\u00f3n del espacio y demolici\u00f3n de las paredes internas de los antiguos ba\u00f1os, vestuarios y anexos del galp\u00f3n, construcci\u00f3n de boxes de acopio exteriores, finalizaci\u00f3n de la platea lateral y de las estructuras del techo lateral y techo frontal), estos trabajos representan un importante avance en materia de gesti\u00f3n de residuos para la ciudad de Olavarr\u00eda.<\/p>\n<p>&nbsp;<\/p>\n<p>Para obtener m\u00e1s informaci\u00f3n sobre el Programa, pueden comunicarse con la Direcci\u00f3n de Desarrollo Sustentable de la Secretar\u00eda de Desarrollo Econ\u00f3mico al tel\u00e9fono 412600, escribir al correo electr\u00f3nico gestionambiental@olavarria.gov.ar, ingresar a la p\u00e1gina web giro.olavarria.gov.ar, o bien, seguir las redes sociales: desarrollosustentableolavarria \/ giro.olavarria<\/p>\n","protected":false},"excerpt":{"rendered":"<p>Hab\u00edan sido adquiridas en abril de 2022 y fueron entregadas por el proveedor \u201cpor el avance de los trabajos\u201d.<\/p>\n","protected":false},"author":2,"featured_media":75253,"comment_status":"closed","ping_status":"closed","sticky":false,"template":"","format":"standard","meta":{"_jetpack_memberships_contains_paid_content":false,"footnotes":""},"categories":[5,1],"tags":[],"class_list":["post-75252","post","type-post","status-publish","format-standard","has-post-thumbnail","hentry","category-informacion-general","category-portada"],"jetpack_featured_media_url":"https:\/\/i0.wp.com\/cdnoticias.com\/wp-content\/uploads\/2023\/01\/DE-Planta-GIRO-3.jpeg?fit=1920%2C1280&ssl=1","jetpack_sharing_enabled":true,"_links":{"self":[{"href":"https:\/\/cdnoticias.com\/index.php\/wp-json\/wp\/v2\/posts\/75252","targetHints":{"allow":["GET"]}}],"collection":[{"href":"https:\/\/cdnoticias.com\/index.php\/wp-json\/wp\/v2\/posts"}],"about":[{"href":"https:\/\/cdnoticias.com\/index.php\/wp-json\/wp\/v2\/types\/post"}],"author":[{"embeddable":true,"href":"https:\/\/cdnoticias.com\/index.php\/wp-json\/wp\/v2\/users\/2"}],"replies":[{"embeddable":true,"href":"https:\/\/cdnoticias.com\/index.php\/wp-json\/wp\/v2\/comments?post=75252"}],"version-history":[{"count":0,"href":"https:\/\/cdnoticias.com\/index.php\/wp-json\/wp\/v2\/posts\/75252\/revisions"}],"wp:featuredmedia":[{"embeddable":true,"href":"https:\/\/cdnoticias.com\/index.php\/wp-json\/wp\/v2\/media\/75253"}],"wp:attachment":[{"href":"https:\/\/cdnoticias.com\/index.php\/wp-json\/wp\/v2\/media?parent=75252"}],"wp:term":[{"taxonomy":"category","embeddable":true,"href":"https:\/\/cdnoticias.com\/index.php\/wp-json\/wp\/v2\/categories?post=75252"},{"taxonomy":"post_tag","embeddable":true,"href":"https:\/\/cdnoticias.com\/index.php\/wp-json\/wp\/v2\/tags?post=75252"}],"curies":[{"name":"wp","href":"https:\/\/api.w.org\/{rel}","templated":true}]}}