{"id":7525,"date":"2020-11-26T12:22:02","date_gmt":"2020-11-26T15:22:02","guid":{"rendered":"http:\/\/www.centraldenoticias.com.ar\/?p=7525"},"modified":"2020-11-26T13:13:36","modified_gmt":"2020-11-26T16:13:36","slug":"la-casa-del-trabajador-denuncio-la-tercerizacion-de-trabajos-en-loma-negra","status":"publish","type":"post","link":"https:\/\/cdnoticias.com\/index.php\/2020\/11\/26\/la-casa-del-trabajador-denuncio-la-tercerizacion-de-trabajos-en-loma-negra\/","title":{"rendered":"La Casa del Trabajador denunci\u00f3 la \u201ctercerizaci\u00f3n\u201d de trabajos en Loma Negra"},"content":{"rendered":"<p>Se\u00f1alaron que esta maniobra es \u201cilegal\u201d: \u201cpor decisi\u00f3n empresaria traen trabajadores de otras ciudades a ocupar puestos nuestros\u201d. Denunciaron que la maniobra implica que se paguen \u201csalarios m\u00e1s bajos\u201d.<!--more--><\/p>\n<hr \/>\n<p>En una dura carta emitida \u201ca la comunidad de Olavarr\u00eda\u201d <strong>la Casa del Trabajador con m\u00faltiples adherencias de gremios y dirigentes pol\u00edticos denunci\u00f3 la \u201ctercerizaci\u00f3n\u201d de trabajos en Loma Negra, puntualmente con la contrataci\u00f3n de empresas que no son de Olavarr\u00eda.<\/strong><\/p>\n<p>&nbsp;<\/p>\n<blockquote><p>\u201cNuestra ciudad se conoci\u00f3 como la ciudad del trabajo, la capital del cemento, el centro minero de la provincia. Empresas locales y for\u00e1neas han crecido, dando empleo a miles de Trabajadores, transform\u00e1ndonos en una ciudad minera de la que tenemos orgullo de pertenecer\u201d.<\/p><\/blockquote>\n<p>&nbsp;<\/p>\n<p>Se\u00f1alaron que \u201cesto cambi\u00f3\u201d dado que<strong><em> \u201cson cada vez menos los olavarrienses dedicados a la miner\u00eda, ya que por decisi\u00f3n empresaria traen trabajadores de otras ciudades a ocupar puestos nuestros, y nos referimos espec\u00edficamente a Loma Negra CIASA\u201d.<\/em><\/strong><\/p>\n<p>&nbsp;<\/p>\n<p>En este sentido, explicaron que empresas tercerizadas de otras ciudades <em>\u201cvienen a hacer trabajos que antes eran realizados por empresas locales, dejando sin trabajo a cientos de vecinos\u201d.<\/em> Esto, seg\u00fan la Casa del Trabajador, es porque<em> \u201cno respetan m\u00ednimas normas de seguridad, no pagan salarios del convenio minero, no tienen estabilidad laboral, ya que <strong>luego son reemplazados por otra empresa for\u00e1nea y tambi\u00e9n con trabajadores for\u00e1neos, con salarios notablemente menores a los de un trabajador minero o empleado<\/strong> de la misma Loma Negra\u201d.<\/em><\/p>\n<p>&nbsp;<\/p>\n<p>Si bien es una pr\u00e1ctica de \u201chace a\u00f1os\u201d cobr\u00f3 notoriedad este 2020 cuando trabajadores de una empresa de San Nicol\u00e1s fueron aislados en un hotel tras ser positivos de COVID-19. <em>\u201cEsta empresa vino a realizar un trabajo que antes hacia una empresa olavarriense\u201d.<\/em><\/p>\n<p>&nbsp;<\/p>\n<p>La Casa del Trabajador fue contundente al indicar que<strong> esto no es una \u201cavivada\u201d sino que \u201ces ilegal\u201d<\/strong>. <em>\u201cCuando Loma Negra registra mal un trabajador, cuando una tercerizada dentro de Loma Negra paga un salario menor al resto de los trabajadores de Loma Negra, eso es destrozar el principio de igual tarea por igual remuneraci\u00f3n, cuando se lo encuadra en un convenio colectivo que no corresponde porque su salario es menor y se lo puede despedir sin indemnizaci\u00f3n\u201d.<\/em><\/p>\n<p>&nbsp;<\/p>\n<p>Si bien valoraron <em>\u201cla reactivaci\u00f3n econ\u00f3mica que est\u00e1 generando este modelo econ\u00f3mico-social implementado en Naci\u00f3n por Alberto Fernandez y en Provincia por Axel Kicilof\u201d<\/em> que <em>\u201cdejan como saldo la recuperaci\u00f3n de la actividad industrial\u201d<\/em>, tambi\u00e9n dejaron en claro que <strong><em>\u201cse debe recuperar el salario y el poder adquisitivo de los trabajadores y de toda la econom\u00eda local a trav\u00e9s del circulo virtuoso: producci\u00f3n industrial, trabajo decente y consumo interno\u201d.<\/em><\/strong><\/p>\n<p>&nbsp;<\/p>\n<p>Este reclamo se da apenas d\u00edas despu\u00e9s del importante acto en la planta de L\u2019Amal\u00ed que tuvo participaci\u00f3n virtual del presidente y el gobernador. <strong><em>\u201cDecidimos exponer esta situaci\u00f3n ante la Comunidad, para entender porque los olavarrienses no sentimos como nuestras estas empresas ni el orgullo de ser ciudad minera o la capital del cemento\u201d.<\/em><\/strong><\/p>\n<p>&nbsp;<\/p>\n<p>Adhirieron los sindicatos SATSAID, SOIVA, STIGAS, LUZ Y FUERZA, AOMA, SMATA, QU\u00cdMICOS SIERRAS BAYAS; UTEDYC; SATIF; UNION FERROVIARRIA; SOECO; APO; SUTIAGA; UATRE; UPCN; PAPELEROS; SADOP-Agrupacion Arturo Jaureche; SECASFPI; SIGURA; FARMACIA; SEIVARA; SUETRA; SINDICATO GRAFICO DEL CENTRO BONAERENSE; ATSA; UPSRA y FOECYT.<\/p>\n<p>&nbsp;<\/p>\n<p>A su vez, adhirieron la diputada nacional Liliana Schwindt, el diputado provincial C\u00e9sar Valicenti, concejales del interbloque del Frente de Todos entre ellos el bloque de Todos, Foro Olavarr\u00eda, Renovaci\u00f3n Peronista y Cuidemos Olavarr\u00eda.<\/p>\n","protected":false},"excerpt":{"rendered":"<p>Se\u00f1alaron que esta maniobra es \u201cilegal\u201d: \u201cpor decisi\u00f3n empresaria traen trabajadores de otras ciudades a ocupar puestos nuestros\u201d. Denunciaron que<\/p>\n","protected":false},"author":2,"featured_media":7526,"comment_status":"closed","ping_status":"closed","sticky":false,"template":"","format":"standard","meta":{"_jetpack_memberships_contains_paid_content":false,"footnotes":""},"categories":[5,1],"tags":[],"class_list":["post-7525","post","type-post","status-publish","format-standard","has-post-thumbnail","hentry","category-informacion-general","category-portada"],"jetpack_featured_media_url":"https:\/\/i0.wp.com\/cdnoticias.com\/wp-content\/uploads\/2020\/11\/LamaliII-Loma-Negra.jpg?fit=7087%2C4724&ssl=1","jetpack_sharing_enabled":true,"_links":{"self":[{"href":"https:\/\/cdnoticias.com\/index.php\/wp-json\/wp\/v2\/posts\/7525","targetHints":{"allow":["GET"]}}],"collection":[{"href":"https:\/\/cdnoticias.com\/index.php\/wp-json\/wp\/v2\/posts"}],"about":[{"href":"https:\/\/cdnoticias.com\/index.php\/wp-json\/wp\/v2\/types\/post"}],"author":[{"embeddable":true,"href":"https:\/\/cdnoticias.com\/index.php\/wp-json\/wp\/v2\/users\/2"}],"replies":[{"embeddable":true,"href":"https:\/\/cdnoticias.com\/index.php\/wp-json\/wp\/v2\/comments?post=7525"}],"version-history":[{"count":0,"href":"https:\/\/cdnoticias.com\/index.php\/wp-json\/wp\/v2\/posts\/7525\/revisions"}],"wp:featuredmedia":[{"embeddable":true,"href":"https:\/\/cdnoticias.com\/index.php\/wp-json\/wp\/v2\/media\/7526"}],"wp:attachment":[{"href":"https:\/\/cdnoticias.com\/index.php\/wp-json\/wp\/v2\/media?parent=7525"}],"wp:term":[{"taxonomy":"category","embeddable":true,"href":"https:\/\/cdnoticias.com\/index.php\/wp-json\/wp\/v2\/categories?post=7525"},{"taxonomy":"post_tag","embeddable":true,"href":"https:\/\/cdnoticias.com\/index.php\/wp-json\/wp\/v2\/tags?post=7525"}],"curies":[{"name":"wp","href":"https:\/\/api.w.org\/{rel}","templated":true}]}}