{"id":75248,"date":"2023-01-22T19:06:20","date_gmt":"2023-01-22T22:06:20","guid":{"rendered":"https:\/\/www.centraldenoticias.com.ar\/?p=75248"},"modified":"2023-01-22T19:06:20","modified_gmt":"2023-01-22T22:06:20","slug":"andrea-coronel-se-reunio-con-nestor-grindetti-en-pinamar","status":"publish","type":"post","link":"https:\/\/cdnoticias.com\/index.php\/2023\/01\/22\/andrea-coronel-se-reunio-con-nestor-grindetti-en-pinamar\/","title":{"rendered":"Andrea Coronel se reuni\u00f3 con N\u00e9stor Grindetti en Pinamar"},"content":{"rendered":"<p>La vecinalista local acompa\u00f1a la precandidatura a gobernador del Intendente de Lan\u00fas: \u201cestamos decididos y habilitados pol\u00edticamente que si no hay consenso en el armado de listas vamos por las internas donde corresponda\u201d dijo.<!--more--><\/p>\n<hr \/>\n<p>En la jornada del pasado viernes,<strong> la dirigente vecinalista de Por Olavarr\u00eda Todos (POT) Andrea Coronel, particip\u00f3 del encuentro de la dirigencia de \u201cHacemos\u201d en Pinamar, en una actividad que fue encabezada por su l\u00edder partidario, el intendente de Lan\u00fas, N\u00e9stor Grindetti.<\/strong><\/p>\n<p>&nbsp;<\/p>\n<p>Participaron legisladores provinciales, concejales, consejeros escolares y referentes territoriales del PRO, Hacemos y partidos vecinalistas que<strong> \u201cabrevan en el proyecto provincial de Grindetti\u201d que buscar\u00e1 ser precandidato a gobernador.<\/strong><\/p>\n<p>&nbsp;<\/p>\n<p>Grindetti se mostr\u00f3 agradecido <em>\u201cpor sumarse a este proyecto que combina gesti\u00f3n y cercan\u00eda, estamos trabajando por una provincia que de una vez por todas logre ponerse de pie\u201d<\/em>, expres\u00f3 y agreg\u00f3: <em>\u201ccomo dice Mauricio siempre o somos el cambio o no somos nada, nuestra generaci\u00f3n tiene que tener la grandeza y la humildad de llevar adelante transformaci\u00f3n de largo plazo que es muy probable que no veamos los cambios nosotros, pero si nuestros hijos\u201d.<\/em><\/p>\n<p>&nbsp;<\/p>\n<p><img data-recalc-dims=\"1\" loading=\"lazy\" decoding=\"async\" class=\"alignnone size-large wp-image-75250\" src=\"https:\/\/i0.wp.com\/cdnoticias.com\/wp-content\/uploads\/2023\/01\/WhatsApp-Image-2023-01-21-at-19.56.51.jpeg?resize=800%2C600&#038;ssl=1\" alt=\"\" width=\"800\" height=\"600\" srcset=\"https:\/\/i0.wp.com\/cdnoticias.com\/wp-content\/uploads\/2023\/01\/WhatsApp-Image-2023-01-21-at-19.56.51.jpeg?resize=1024%2C768&amp;ssl=1 1024w, https:\/\/i0.wp.com\/cdnoticias.com\/wp-content\/uploads\/2023\/01\/WhatsApp-Image-2023-01-21-at-19.56.51.jpeg?resize=300%2C225&amp;ssl=1 300w, https:\/\/i0.wp.com\/cdnoticias.com\/wp-content\/uploads\/2023\/01\/WhatsApp-Image-2023-01-21-at-19.56.51.jpeg?resize=768%2C576&amp;ssl=1 768w, https:\/\/i0.wp.com\/cdnoticias.com\/wp-content\/uploads\/2023\/01\/WhatsApp-Image-2023-01-21-at-19.56.51.jpeg?w=1280&amp;ssl=1 1280w\" sizes=\"auto, (max-width: 800px) 100vw, 800px\" \/><\/p>\n<p>&nbsp;<\/p>\n<p>Coronel, participante local de la actividad, agreg\u00f3 que<strong><em> \u201cel encuentro fue muy positivo, viajamos los ocho distritos de la S\u00e9ptima Secci\u00f3n Electoral y a todos nos dej\u00f3 un claro panorama en vista a las pr\u00f3ximas elecciones\u201d.<\/em><\/strong><\/p>\n<p>&nbsp;<\/p>\n<blockquote><p>\u201cVimos a N\u00e9stor convencido y comprometido no s\u00f3lo con su precandidatura a Gobernador, sino con la precandidatura presidencial de Patricia Bullrich, hay n\u00fameros muy alentadores y estamos decididos y habilitados pol\u00edticamente que si no hay consenso en el armado de listas vamos por las internas donde corresponda\u201d, finaliz\u00f3.<\/p><\/blockquote>\n<p>&nbsp;<\/p>\n<p>Se destac\u00f3 la presencia del intendente de Lobos, Jorge Etcheverry, quien expreso sobre Grindetti que<em> \u201ces un hombre de palabras justas, de gesti\u00f3n y con mucho conocimiento de la provincia\u201d<\/em>, adem\u00e1s estuvieron presentes el vicepresidente de la c\u00e1mara de diputados bonaerense, Adrian Urreli, el jefe de gabinete lanusense y referente provincial de Hacemos, Diego Kravetz, la senadora provincial Aldana Ahumada, la diputada provincial Florencia Retamoso, entre otros dirigentes.<\/p>\n","protected":false},"excerpt":{"rendered":"<p>La vecinalista local acompa\u00f1a la precandidatura a gobernador del Intendente de Lan\u00fas: \u201cestamos decididos y habilitados pol\u00edticamente que si no<\/p>\n","protected":false},"author":2,"featured_media":75249,"comment_status":"closed","ping_status":"closed","sticky":false,"template":"","format":"standard","meta":{"_jetpack_memberships_contains_paid_content":false,"footnotes":""},"categories":[4,1],"tags":[],"class_list":["post-75248","post","type-post","status-publish","format-standard","has-post-thumbnail","hentry","category-politica","category-portada"],"jetpack_featured_media_url":"https:\/\/i0.wp.com\/cdnoticias.com\/wp-content\/uploads\/2023\/01\/WhatsApp-Image-2023-01-21-at-19.56.36.jpeg?fit=753%2C486&ssl=1","jetpack_sharing_enabled":true,"_links":{"self":[{"href":"https:\/\/cdnoticias.com\/index.php\/wp-json\/wp\/v2\/posts\/75248","targetHints":{"allow":["GET"]}}],"collection":[{"href":"https:\/\/cdnoticias.com\/index.php\/wp-json\/wp\/v2\/posts"}],"about":[{"href":"https:\/\/cdnoticias.com\/index.php\/wp-json\/wp\/v2\/types\/post"}],"author":[{"embeddable":true,"href":"https:\/\/cdnoticias.com\/index.php\/wp-json\/wp\/v2\/users\/2"}],"replies":[{"embeddable":true,"href":"https:\/\/cdnoticias.com\/index.php\/wp-json\/wp\/v2\/comments?post=75248"}],"version-history":[{"count":0,"href":"https:\/\/cdnoticias.com\/index.php\/wp-json\/wp\/v2\/posts\/75248\/revisions"}],"wp:featuredmedia":[{"embeddable":true,"href":"https:\/\/cdnoticias.com\/index.php\/wp-json\/wp\/v2\/media\/75249"}],"wp:attachment":[{"href":"https:\/\/cdnoticias.com\/index.php\/wp-json\/wp\/v2\/media?parent=75248"}],"wp:term":[{"taxonomy":"category","embeddable":true,"href":"https:\/\/cdnoticias.com\/index.php\/wp-json\/wp\/v2\/categories?post=75248"},{"taxonomy":"post_tag","embeddable":true,"href":"https:\/\/cdnoticias.com\/index.php\/wp-json\/wp\/v2\/tags?post=75248"}],"curies":[{"name":"wp","href":"https:\/\/api.w.org\/{rel}","templated":true}]}}