{"id":75245,"date":"2023-01-22T18:20:57","date_gmt":"2023-01-22T21:20:57","guid":{"rendered":"https:\/\/www.centraldenoticias.com.ar\/?p=75245"},"modified":"2023-01-23T08:09:42","modified_gmt":"2023-01-23T11:09:42","slug":"los-sorprendieron-con-canos-de-pvc-sin-acreditar-propiedad-y-terminaron-aprehendidos","status":"publish","type":"post","link":"https:\/\/cdnoticias.com\/index.php\/2023\/01\/22\/los-sorprendieron-con-canos-de-pvc-sin-acreditar-propiedad-y-terminaron-aprehendidos\/","title":{"rendered":"Los sorprendieron con ca\u00f1os de PVC \u201csin acreditar propiedad\u201d y terminaron aprehendidos"},"content":{"rendered":"<p>Fue este domingo, en Pellegrini al 4900. En una moto, llevaban estos ca\u00f1os que no lograron acreditar como propios.<!--more--><\/p>\n<hr \/>\n<p>Este domingo,<strong> personal de Comando de Patrullas aprehendi\u00f3 a dos hombres que, a bordo de una motocicleta, llevaban ca\u00f1os de PVC que no lograron acreditar de su propiedad<\/strong> y se presume eran robados.<\/p>\n<p>&nbsp;<\/p>\n<p>El hecho se produjo en Pellegrini al 4900, cuando personal policial le sorprendi\u00f3 y detuvo a los dos hombres a bordo de la moto, dado que <strong>llevaban 10 ca\u00f1os de 4 metros de largo, con las complicaciones que eso lleva para su traslado en el rodado menor.<\/strong><\/p>\n<p>&nbsp;<\/p>\n<p><strong>Ante las consultas acerca de c\u00f3mo fueron acreditados dichos ca\u00f1os, no hubo una respuesta que certificara que eran de su propiedad, por lo que fueron aprehendidos, los ca\u00f1os secuestrados para ser peritados y averiguar si son robados, y adem\u00e1s la motocicleta tambi\u00e9n fue incautada.<\/strong><\/p>\n<p>&nbsp;<\/p>\n<p>Los apresados fueron trasladados a la Comisar\u00eda Primera, donde quedaron a disposici\u00f3n de personal de la UFI N\u00b010, a cargo de la causa, <em>\u201cAveriguaci\u00f3n por presunto il\u00edcito\u201d.<\/em><\/p>\n","protected":false},"excerpt":{"rendered":"<p>Fue este domingo, en Pellegrini al 4900. En una moto, llevaban estos ca\u00f1os que no lograron acreditar como propios.<\/p>\n","protected":false},"author":2,"featured_media":75246,"comment_status":"closed","ping_status":"closed","sticky":false,"template":"","format":"standard","meta":{"_jetpack_memberships_contains_paid_content":false,"footnotes":""},"categories":[14,1],"tags":[],"class_list":["post-75245","post","type-post","status-publish","format-standard","has-post-thumbnail","hentry","category-policiales","category-portada"],"jetpack_featured_media_url":"https:\/\/i0.wp.com\/cdnoticias.com\/wp-content\/uploads\/2023\/01\/WhatsApp-Image-2023-01-22-at-12.40.18.jpeg?fit=1600%2C1200&ssl=1","jetpack_sharing_enabled":true,"_links":{"self":[{"href":"https:\/\/cdnoticias.com\/index.php\/wp-json\/wp\/v2\/posts\/75245","targetHints":{"allow":["GET"]}}],"collection":[{"href":"https:\/\/cdnoticias.com\/index.php\/wp-json\/wp\/v2\/posts"}],"about":[{"href":"https:\/\/cdnoticias.com\/index.php\/wp-json\/wp\/v2\/types\/post"}],"author":[{"embeddable":true,"href":"https:\/\/cdnoticias.com\/index.php\/wp-json\/wp\/v2\/users\/2"}],"replies":[{"embeddable":true,"href":"https:\/\/cdnoticias.com\/index.php\/wp-json\/wp\/v2\/comments?post=75245"}],"version-history":[{"count":0,"href":"https:\/\/cdnoticias.com\/index.php\/wp-json\/wp\/v2\/posts\/75245\/revisions"}],"wp:featuredmedia":[{"embeddable":true,"href":"https:\/\/cdnoticias.com\/index.php\/wp-json\/wp\/v2\/media\/75246"}],"wp:attachment":[{"href":"https:\/\/cdnoticias.com\/index.php\/wp-json\/wp\/v2\/media?parent=75245"}],"wp:term":[{"taxonomy":"category","embeddable":true,"href":"https:\/\/cdnoticias.com\/index.php\/wp-json\/wp\/v2\/categories?post=75245"},{"taxonomy":"post_tag","embeddable":true,"href":"https:\/\/cdnoticias.com\/index.php\/wp-json\/wp\/v2\/tags?post=75245"}],"curies":[{"name":"wp","href":"https:\/\/api.w.org\/{rel}","templated":true}]}}