{"id":75222,"date":"2023-01-22T09:59:02","date_gmt":"2023-01-22T12:59:02","guid":{"rendered":"https:\/\/www.centraldenoticias.com.ar\/?p=75222"},"modified":"2023-01-22T11:32:10","modified_gmt":"2023-01-22T14:32:10","slug":"violencia-de-genero-violo-una-prohibicion-de-acercamiento-y-fue-aprehendido","status":"publish","type":"post","link":"https:\/\/cdnoticias.com\/index.php\/2023\/01\/22\/violencia-de-genero-violo-una-prohibicion-de-acercamiento-y-fue-aprehendido\/","title":{"rendered":"Violencia de g\u00e9nero: viol\u00f3 una prohibici\u00f3n de acercamiento y fue aprehendido"},"content":{"rendered":"<p align=\"left\">Un joven de 29 a\u00f1os incumpli\u00f3 una restricci\u00f3n judicial y fue aprehendido por personal del Comando de Patrullas.<!--more--><\/p>\n<hr \/>\n<p align=\"left\">Un joven de 29 a\u00f1os fue aprehendido cuando<strong> se encontraba fuera del domicilio de su ex pareja,<\/strong> con quien posee una prohibici\u00f3n de acercamiento.<\/p>\n<p align=\"left\">A ra\u00edz de un llamado al 911, personal del Comando de Patrullas, acudi\u00f3 a Rufino Fal al 1500 y aprehendi\u00f3 al hombre que hab\u00eda quebrantado las medidas cautelares como <strong>prohibici\u00f3n de acercamiento, per\u00edmetro de exclusi\u00f3n, entre otras.<\/strong><\/p>\n<p align=\"left\">Las medidas fueron interpuestas por el <strong>Juzgado de Familia N\u00b01 de Olavarr\u00eda.<\/strong><\/p>\n<p align=\"left\">El aprehendido fue trasladado a la sede de la comisar\u00eda Primera a disposici\u00f3n de la Dra. Viviana Beyt\u00eda, titular de la UFI N\u00ba 5 especializada en violencia familiar y de g\u00e9nero.<\/p>\n<p align=\"left\">La causa est\u00e1 caratulada como <strong>\u201cdesobediencia\u201d.<\/strong><\/p>\n","protected":false},"excerpt":{"rendered":"<p>Un joven de 29 a\u00f1os incumpli\u00f3 una restricci\u00f3n judicial y fue aprehendido por personal del Comando de Patrullas.<\/p>\n","protected":false},"author":2,"featured_media":75223,"comment_status":"closed","ping_status":"closed","sticky":false,"template":"","format":"standard","meta":{"_jetpack_memberships_contains_paid_content":false,"footnotes":""},"categories":[14,1],"tags":[],"class_list":["post-75222","post","type-post","status-publish","format-standard","has-post-thumbnail","hentry","category-policiales","category-portada"],"jetpack_featured_media_url":"https:\/\/i0.wp.com\/cdnoticias.com\/wp-content\/uploads\/2023\/01\/violencia-genero-aprehendido-fal-1500.jpeg?fit=1600%2C1200&ssl=1","jetpack_sharing_enabled":true,"_links":{"self":[{"href":"https:\/\/cdnoticias.com\/index.php\/wp-json\/wp\/v2\/posts\/75222","targetHints":{"allow":["GET"]}}],"collection":[{"href":"https:\/\/cdnoticias.com\/index.php\/wp-json\/wp\/v2\/posts"}],"about":[{"href":"https:\/\/cdnoticias.com\/index.php\/wp-json\/wp\/v2\/types\/post"}],"author":[{"embeddable":true,"href":"https:\/\/cdnoticias.com\/index.php\/wp-json\/wp\/v2\/users\/2"}],"replies":[{"embeddable":true,"href":"https:\/\/cdnoticias.com\/index.php\/wp-json\/wp\/v2\/comments?post=75222"}],"version-history":[{"count":0,"href":"https:\/\/cdnoticias.com\/index.php\/wp-json\/wp\/v2\/posts\/75222\/revisions"}],"wp:featuredmedia":[{"embeddable":true,"href":"https:\/\/cdnoticias.com\/index.php\/wp-json\/wp\/v2\/media\/75223"}],"wp:attachment":[{"href":"https:\/\/cdnoticias.com\/index.php\/wp-json\/wp\/v2\/media?parent=75222"}],"wp:term":[{"taxonomy":"category","embeddable":true,"href":"https:\/\/cdnoticias.com\/index.php\/wp-json\/wp\/v2\/categories?post=75222"},{"taxonomy":"post_tag","embeddable":true,"href":"https:\/\/cdnoticias.com\/index.php\/wp-json\/wp\/v2\/tags?post=75222"}],"curies":[{"name":"wp","href":"https:\/\/api.w.org\/{rel}","templated":true}]}}