{"id":75216,"date":"2023-01-22T08:10:18","date_gmt":"2023-01-22T11:10:18","guid":{"rendered":"https:\/\/www.centraldenoticias.com.ar\/?p=75216"},"modified":"2023-01-22T08:10:18","modified_gmt":"2023-01-22T11:10:18","slug":"luciana-soledad-alonso-de-alvarez-q-e-p-d","status":"publish","type":"post","link":"https:\/\/cdnoticias.com\/index.php\/2023\/01\/22\/luciana-soledad-alonso-de-alvarez-q-e-p-d\/","title":{"rendered":"Luciana Soledad Alonso de \u00c1lvarez (Q.E.P.D.)"},"content":{"rendered":"<p>Falleci\u00f3 en Olavarr\u00eda el d\u00eda 22 de enero de 2023 a los 42 a\u00f1os de edad. Su compa\u00f1ero Luis Mar\u00eda \u00c1lvarez. Sus hijos Diego y Lautaro Valent\u00edn \u00c1lvarez. Su madre Mar\u00eda del Carmen Cuello. Sus hermanos Emiliano, Emmanuel y Magali Alonso. Sus hermanos pol\u00edticos Daiana y Daniel Delacroix, D\u00e9bora Cauteruccio y Romina Romero. Sus sobrinos Lucas y Thiago Bohn; Kevin, Nicol\u00e1s y M\u00eda Alonso; Keyla y Dylan. Sus t\u00edos; sus primos y dem\u00e1s deudos participan su fallecimiento.<\/p>\n<p>Sus restos son velados en Espa\u00f1a 2942 Sala &#8220;C&#8221; (el velatorio finaliza este domingo a las 16:00) y ser\u00e1n inhumados en el cementerio Loma de Paz, el lunes 23 de enero a las 9:30, previo responso en al capilla ardiente. Vecina de Microcentro. Ama de casa.<\/p>\n","protected":false},"excerpt":{"rendered":"<p>Falleci\u00f3 en Olavarr\u00eda el d\u00eda 22 de enero de 2023 a los 42 a\u00f1os de edad. Su compa\u00f1ero Luis Mar\u00eda<\/p>\n","protected":false},"author":2,"featured_media":67646,"comment_status":"closed","ping_status":"closed","sticky":false,"template":"","format":"standard","meta":{"_jetpack_memberships_contains_paid_content":false,"footnotes":""},"categories":[10],"tags":[],"class_list":["post-75216","post","type-post","status-publish","format-standard","has-post-thumbnail","hentry","category-necrologicas"],"jetpack_featured_media_url":"https:\/\/i0.wp.com\/cdnoticias.com\/wp-content\/uploads\/2022\/10\/necrologicas-390-x-240.jpg?fit=390%2C240&ssl=1","jetpack_sharing_enabled":true,"_links":{"self":[{"href":"https:\/\/cdnoticias.com\/index.php\/wp-json\/wp\/v2\/posts\/75216","targetHints":{"allow":["GET"]}}],"collection":[{"href":"https:\/\/cdnoticias.com\/index.php\/wp-json\/wp\/v2\/posts"}],"about":[{"href":"https:\/\/cdnoticias.com\/index.php\/wp-json\/wp\/v2\/types\/post"}],"author":[{"embeddable":true,"href":"https:\/\/cdnoticias.com\/index.php\/wp-json\/wp\/v2\/users\/2"}],"replies":[{"embeddable":true,"href":"https:\/\/cdnoticias.com\/index.php\/wp-json\/wp\/v2\/comments?post=75216"}],"version-history":[{"count":0,"href":"https:\/\/cdnoticias.com\/index.php\/wp-json\/wp\/v2\/posts\/75216\/revisions"}],"wp:featuredmedia":[{"embeddable":true,"href":"https:\/\/cdnoticias.com\/index.php\/wp-json\/wp\/v2\/media\/67646"}],"wp:attachment":[{"href":"https:\/\/cdnoticias.com\/index.php\/wp-json\/wp\/v2\/media?parent=75216"}],"wp:term":[{"taxonomy":"category","embeddable":true,"href":"https:\/\/cdnoticias.com\/index.php\/wp-json\/wp\/v2\/categories?post=75216"},{"taxonomy":"post_tag","embeddable":true,"href":"https:\/\/cdnoticias.com\/index.php\/wp-json\/wp\/v2\/tags?post=75216"}],"curies":[{"name":"wp","href":"https:\/\/api.w.org\/{rel}","templated":true}]}}