{"id":75210,"date":"2023-01-21T19:32:40","date_gmt":"2023-01-21T22:32:40","guid":{"rendered":"https:\/\/www.centraldenoticias.com.ar\/?p=75210"},"modified":"2023-01-22T08:51:06","modified_gmt":"2023-01-22T11:51:06","slug":"amor-por-olavarria-el-slogan-del-massismo-local-que-encara-el-2023-con-candidatura","status":"publish","type":"post","link":"https:\/\/cdnoticias.com\/index.php\/2023\/01\/21\/amor-por-olavarria-el-slogan-del-massismo-local-que-encara-el-2023-con-candidatura\/","title":{"rendered":"\u201cAmor por Olavarr\u00eda\u201d el slogan del massismo local que encara el 2023 \u00bfcon candidatura?"},"content":{"rendered":"<p>Es el lema con el que Foro Olavarr\u00eda \u2013 Frente Renovador prepara su a\u00f1o de trabajo en el Partido. La imagen del l\u00edder del espacio, Eduardo Rodr\u00edguez, ligada a la ciudad en un a\u00f1o electoral.<!--more--><\/p>\n<hr \/>\n<p>En los \u00faltimos d\u00edas,<strong> el Foro Olavarr\u00eda \u2013 Frente Renovador modific\u00f3 su imagen de cara al importante trabajo de gesti\u00f3n que tendr\u00e1 este 2023.<\/strong><\/p>\n<p>&nbsp;<\/p>\n<p>Con dos concejales en el HCD, y la labor de otros dirigentes en la ciudad, <strong>el slogan \u201cAmor por Olavarr\u00eda\u201d deja el marco para deslizar la posible candidatura a intendente de Eduardo Rodr\u00edguez, l\u00edder del espacio.<\/strong><\/p>\n<p>&nbsp;<\/p>\n<blockquote><p>Tanto su p\u00e1gina web como en las redes sociales de los integrantes del espacio, el Foro Olavarr\u00eda encara el a\u00f1o con una impronta local de trabajo de gesti\u00f3n y tambi\u00e9n territorial, tras el importante cierre de a\u00f1o que tuvo en diciembre en el sal\u00f3n de AOMA.<\/p><\/blockquote>\n<p>&nbsp;<\/p>\n<blockquote class=\"instagram-media\" style=\"background: #FFF; border: 0; border-radius: 3px; box-shadow: 0 0 1px 0 rgba(0,0,0,0.5),0 1px 10px 0 rgba(0,0,0,0.15); margin: 1px; max-width: 540px; min-width: 326px; padding: 0; width: calc(100% - 2px);\" data-instgrm-captioned=\"\" data-instgrm-permalink=\"https:\/\/www.instagram.com\/p\/CnnHQtpv4U9\/?utm_source=ig_embed&amp;utm_campaign=loading\" data-instgrm-version=\"14\">\n<div style=\"padding: 16px;\">\n<p>&nbsp;<\/p>\n<div style=\"display: flex; flex-direction: row; align-items: center;\">\n<div style=\"background-color: #f4f4f4; border-radius: 50%; flex-grow: 0; height: 40px; margin-right: 14px; width: 40px;\"><\/div>\n<div style=\"display: flex; flex-direction: column; flex-grow: 1; justify-content: center;\">\n<div style=\"background-color: #f4f4f4; border-radius: 4px; flex-grow: 0; height: 14px; margin-bottom: 6px; width: 100px;\"><\/div>\n<div style=\"background-color: #f4f4f4; border-radius: 4px; flex-grow: 0; height: 14px; width: 60px;\"><\/div>\n<\/div>\n<\/div>\n<div style=\"padding: 19% 0;\"><\/div>\n<div style=\"display: block; height: 50px; margin: 0 auto 12px; width: 50px;\"><\/div>\n<div style=\"padding-top: 8px;\">\n<div style=\"color: #3897f0; font-family: Arial,sans-serif; font-size: 14px; font-style: normal; font-weight: 550; line-height: 18px;\">Ver esta publicaci\u00f3n en Instagram<\/div>\n<\/div>\n<div style=\"padding: 12.5% 0;\"><\/div>\n<div style=\"display: flex; flex-direction: row; margin-bottom: 14px; align-items: center;\">\n<div>\n<div style=\"background-color: #f4f4f4; border-radius: 50%; height: 12.5px; width: 12.5px; transform: translateX(0px) translateY(7px);\"><\/div>\n<div style=\"background-color: #f4f4f4; height: 12.5px; transform: rotate(-45deg) translateX(3px) translateY(1px); width: 12.5px; flex-grow: 0; margin-right: 14px; margin-left: 2px;\"><\/div>\n<div style=\"background-color: #f4f4f4; border-radius: 50%; height: 12.5px; width: 12.5px; transform: translateX(9px) translateY(-18px);\"><\/div>\n<\/div>\n<div style=\"margin-left: 8px;\">\n<div style=\"background-color: #f4f4f4; border-radius: 50%; flex-grow: 0; height: 20px; width: 20px;\"><\/div>\n<div style=\"width: 0; height: 0; border-top: 2px solid transparent; border-left: 6px solid #f4f4f4; border-bottom: 2px solid transparent; transform: translateX(16px) translateY(-4px) rotate(30deg);\"><\/div>\n<\/div>\n<div style=\"margin-left: auto;\">\n<div style=\"width: 0px; border-top: 8px solid #F4F4F4; border-right: 8px solid transparent; transform: translateY(16px);\"><\/div>\n<div style=\"background-color: #f4f4f4; flex-grow: 0; height: 12px; width: 16px; transform: translateY(-4px);\"><\/div>\n<div style=\"width: 0; height: 0; border-top: 8px solid #F4F4F4; border-left: 8px solid transparent; transform: translateY(-4px) translateX(8px);\"><\/div>\n<\/div>\n<\/div>\n<div style=\"display: flex; flex-direction: column; flex-grow: 1; justify-content: center; margin-bottom: 24px;\">\n<div style=\"background-color: #f4f4f4; border-radius: 4px; flex-grow: 0; height: 14px; margin-bottom: 6px; width: 224px;\"><\/div>\n<div style=\"background-color: #f4f4f4; border-radius: 4px; flex-grow: 0; height: 14px; width: 144px;\"><\/div>\n<\/div>\n<p>&nbsp;<\/p>\n<p style=\"color: #c9c8cd; font-family: Arial,sans-serif; font-size: 14px; line-height: 17px; margin-bottom: 0; margin-top: 8px; overflow: hidden; padding: 8px 0 7px; text-align: center; text-overflow: ellipsis; white-space: nowrap;\"><a style=\"color: #c9c8cd; font-family: Arial,sans-serif; font-size: 14px; font-style: normal; font-weight: normal; line-height: 17px; text-decoration: none;\" href=\"https:\/\/www.instagram.com\/p\/CnnHQtpv4U9\/?utm_source=ig_embed&amp;utm_campaign=loading\" target=\"_blank\" rel=\"noopener\">Una publicaci\u00f3n compartida de Eduardo Miguel Rodri\u0301guez (@rodriguezolav)<\/a><\/p>\n<\/div>\n<\/blockquote>\n<p><script async src=\"\/\/www.instagram.com\/embed.js\"><\/script><\/p>\n<p>&nbsp;<\/p>\n<p>En paralelo, y pensando en el 2023 electoral,<strong> desde hace varios meses se rumorea que Eduardo Rodr\u00edguez buscar\u00eda ser precandidato dentro del Frente de Todos, espacio que integra su l\u00edder pol\u00edtico Sergio Massa.<\/strong><\/p>\n<p>&nbsp;<\/p>\n<p>Con el ministro de Econom\u00eda enfocado en reorientar el rumbo econ\u00f3mico del pa\u00eds y con chances de ser \u201cpresidenciable\u201d Rodr\u00edguez tendr\u00eda la posibilidad de presentar su proyecto de ciudad como posible precandidato a Intendente. <strong>Si bien en el espacio se\u00f1alan que \u201ces un a\u00f1o largo y de mucha gesti\u00f3n\u201d el slogan \u201cAmor por Olavarr\u00eda\u201d abre los interrogantes, \u00bfEduardo Rodr\u00edguez ser\u00e1 precandidato?<\/strong><\/p>\n","protected":false},"excerpt":{"rendered":"<p>Es el lema con el que Foro Olavarr\u00eda \u2013 Frente Renovador prepara su a\u00f1o de trabajo en el Partido. La<\/p>\n","protected":false},"author":2,"featured_media":75212,"comment_status":"closed","ping_status":"closed","sticky":false,"template":"","format":"standard","meta":{"_jetpack_memberships_contains_paid_content":false,"footnotes":""},"categories":[4,1],"tags":[],"class_list":["post-75210","post","type-post","status-publish","format-standard","has-post-thumbnail","hentry","category-politica","category-portada"],"jetpack_featured_media_url":"https:\/\/i0.wp.com\/cdnoticias.com\/wp-content\/uploads\/2023\/01\/arroyo.jpg?fit=1920%2C1080&ssl=1","jetpack_sharing_enabled":true,"_links":{"self":[{"href":"https:\/\/cdnoticias.com\/index.php\/wp-json\/wp\/v2\/posts\/75210","targetHints":{"allow":["GET"]}}],"collection":[{"href":"https:\/\/cdnoticias.com\/index.php\/wp-json\/wp\/v2\/posts"}],"about":[{"href":"https:\/\/cdnoticias.com\/index.php\/wp-json\/wp\/v2\/types\/post"}],"author":[{"embeddable":true,"href":"https:\/\/cdnoticias.com\/index.php\/wp-json\/wp\/v2\/users\/2"}],"replies":[{"embeddable":true,"href":"https:\/\/cdnoticias.com\/index.php\/wp-json\/wp\/v2\/comments?post=75210"}],"version-history":[{"count":0,"href":"https:\/\/cdnoticias.com\/index.php\/wp-json\/wp\/v2\/posts\/75210\/revisions"}],"wp:featuredmedia":[{"embeddable":true,"href":"https:\/\/cdnoticias.com\/index.php\/wp-json\/wp\/v2\/media\/75212"}],"wp:attachment":[{"href":"https:\/\/cdnoticias.com\/index.php\/wp-json\/wp\/v2\/media?parent=75210"}],"wp:term":[{"taxonomy":"category","embeddable":true,"href":"https:\/\/cdnoticias.com\/index.php\/wp-json\/wp\/v2\/categories?post=75210"},{"taxonomy":"post_tag","embeddable":true,"href":"https:\/\/cdnoticias.com\/index.php\/wp-json\/wp\/v2\/tags?post=75210"}],"curies":[{"name":"wp","href":"https:\/\/api.w.org\/{rel}","templated":true}]}}