{"id":75204,"date":"2023-01-21T18:56:37","date_gmt":"2023-01-21T21:56:37","guid":{"rendered":"https:\/\/www.centraldenoticias.com.ar\/?p=75204"},"modified":"2023-01-21T18:56:37","modified_gmt":"2023-01-21T21:56:37","slug":"realizaron-un-simulacro-de-incendio-en-la-unidad-2","status":"publish","type":"post","link":"https:\/\/cdnoticias.com\/index.php\/2023\/01\/21\/realizaron-un-simulacro-de-incendio-en-la-unidad-2\/","title":{"rendered":"Realizaron un simulacro de incendio en la Unidad 2"},"content":{"rendered":"<p>Fue en el marco de las capacitaciones que recibe el personal penitenciario. Hubo participaci\u00f3n de bomberos, agentes e internos.<!--more--><\/p>\n<hr \/>\n<p>En el marco de las capacitaciones que recibe el personal penitenciario, <strong>d\u00edas pasados se realiz\u00f3 un simulacro de incendio en la Unidad 2 de Sierra Chica.<\/strong><\/p>\n<p>&nbsp;<\/p>\n<p><strong>Se llev\u00f3 adelante una evacuaci\u00f3n por el frente de uno de los pabellones<\/strong> y en la pr\u00e1ctica particip\u00f3 personal de diversas secciones con el objetivo de<strong><em> \u201campliar las herramientas que los agentes tienen para salvaguardar la vida de las personas y remarcar la funci\u00f3n operativa de los recursos humanos con los que cuenta el Servicio Penitenciario Bonaerense\u201d.<\/em><\/strong><\/p>\n<p>&nbsp;<\/p>\n<p><img data-recalc-dims=\"1\" loading=\"lazy\" decoding=\"async\" class=\"alignnone size-large wp-image-75207\" src=\"https:\/\/i0.wp.com\/cdnoticias.com\/wp-content\/uploads\/2023\/01\/U2-Simulacro-de-lucha-contra-incendio-Enero-2023b.jpg?resize=800%2C600&#038;ssl=1\" alt=\"\" width=\"800\" height=\"600\" srcset=\"https:\/\/i0.wp.com\/cdnoticias.com\/wp-content\/uploads\/2023\/01\/U2-Simulacro-de-lucha-contra-incendio-Enero-2023b.jpg?resize=1024%2C768&amp;ssl=1 1024w, https:\/\/i0.wp.com\/cdnoticias.com\/wp-content\/uploads\/2023\/01\/U2-Simulacro-de-lucha-contra-incendio-Enero-2023b.jpg?resize=300%2C225&amp;ssl=1 300w, https:\/\/i0.wp.com\/cdnoticias.com\/wp-content\/uploads\/2023\/01\/U2-Simulacro-de-lucha-contra-incendio-Enero-2023b.jpg?resize=768%2C576&amp;ssl=1 768w, https:\/\/i0.wp.com\/cdnoticias.com\/wp-content\/uploads\/2023\/01\/U2-Simulacro-de-lucha-contra-incendio-Enero-2023b.jpg?resize=1536%2C1152&amp;ssl=1 1536w, https:\/\/i0.wp.com\/cdnoticias.com\/wp-content\/uploads\/2023\/01\/U2-Simulacro-de-lucha-contra-incendio-Enero-2023b.jpg?w=1600&amp;ssl=1 1600w\" sizes=\"auto, (max-width: 800px) 100vw, 800px\" \/><\/p>\n<p>&nbsp;<\/p>\n<p>El Jefe de la Brigada de Lucha Contra Incendios (BLCI), Nahuel Cabral, explic\u00f3 que <em>\u201cel simulacro integral de evacuaci\u00f3n en el pabell\u00f3n N\u00b011 se desarroll\u00f3 con la hip\u00f3tesis de que una celda del pabell\u00f3n se prend\u00eda fuego. As\u00ed se activ\u00f3 el plan donde, tanto internos como agentes, desplegaron acciones coordinadas. Una parte de los internos de ese pabell\u00f3n que se encontraban hacia atr\u00e1s de la celda afectada debieron salir por una puerta de emergencia a un sector previamente destinado\u201d.<\/em><\/p>\n<p>&nbsp;<\/p>\n<p>En este sentido, el personal de la BLCI se dividi\u00f3 en dos: <em>\u201cuna parte sofoc\u00f3 el incendio utilizando el nicho hidrante con la manguera y la lanza, mientras la otra parte fue al fondo del pabell\u00f3n para colaborar con la evacuaci\u00f3n y despu\u00e9s trabajaron en forma simult\u00e1nea. Se hizo el recuento de la poblaci\u00f3n, se determin\u00f3 si hab\u00eda internos lastimados o no y con el personal de sanidad se determin\u00f3 su egreso a un hospital extramuros. La guardia de seguridad exterior colabor\u00f3 en las cuestiones asegurativas junto al personal administrativo que reforz\u00f3 el muro. En la parte interna del penal, los agentes de talleres, requisa y vigilancia colaboraron con la evacuaci\u00f3n y el per\u00edmetro\u201d.<\/em><\/p>\n<p>&nbsp;<\/p>\n<p><img data-recalc-dims=\"1\" loading=\"lazy\" decoding=\"async\" class=\"alignnone size-large wp-image-75206\" src=\"https:\/\/i0.wp.com\/cdnoticias.com\/wp-content\/uploads\/2023\/01\/U2-Simulacro-de-lucha-contra-incendio-Enero-2023f.jpg?resize=800%2C600&#038;ssl=1\" alt=\"\" width=\"800\" height=\"600\" srcset=\"https:\/\/i0.wp.com\/cdnoticias.com\/wp-content\/uploads\/2023\/01\/U2-Simulacro-de-lucha-contra-incendio-Enero-2023f.jpg?resize=1024%2C768&amp;ssl=1 1024w, https:\/\/i0.wp.com\/cdnoticias.com\/wp-content\/uploads\/2023\/01\/U2-Simulacro-de-lucha-contra-incendio-Enero-2023f.jpg?resize=300%2C225&amp;ssl=1 300w, https:\/\/i0.wp.com\/cdnoticias.com\/wp-content\/uploads\/2023\/01\/U2-Simulacro-de-lucha-contra-incendio-Enero-2023f.jpg?resize=768%2C576&amp;ssl=1 768w, https:\/\/i0.wp.com\/cdnoticias.com\/wp-content\/uploads\/2023\/01\/U2-Simulacro-de-lucha-contra-incendio-Enero-2023f.jpg?resize=1536%2C1152&amp;ssl=1 1536w, https:\/\/i0.wp.com\/cdnoticias.com\/wp-content\/uploads\/2023\/01\/U2-Simulacro-de-lucha-contra-incendio-Enero-2023f.jpg?w=1600&amp;ssl=1 1600w\" sizes=\"auto, (max-width: 800px) 100vw, 800px\" \/><\/p>\n<p>&nbsp;<\/p>\n<p>Este plan de acciones fue supervisado por el Director de la Unidad 2, Carlos Silva y llevado adelante por el Subdirector de Seguridad Mario Ram\u00edrez y los jefes de la Guardia de Seguridad Exterior Sebasti\u00e1n Fraschetti, de la BLCI Nahuel Cabral y de Vigilancia y Tratamiento Facundo Mart\u00ednez.<\/p>\n<p>&nbsp;<\/p>\n<p>Estuvieron presentes durante el simulacro el Jefe del Complejo Penitenciario Centro Zona Sur Abel Ram\u00edrez, el Subdirector de Asistencia y Tratamiento Juan Navarro, la Subdirectora de la Administraci\u00f3n Guadalupe D\u00edaz, el Subjefe de Tratamiento Facundo Luna, el Subjefe de Vigilancia Carlos Nagel y el Auxiliar de Tratamiento V\u00edctor Escobar, junto al personal de las distintas \u00e1reas.<\/p>\n<p>&nbsp;<\/p>\n<p><img data-recalc-dims=\"1\" loading=\"lazy\" decoding=\"async\" class=\"alignnone size-large wp-image-75205\" src=\"https:\/\/i0.wp.com\/cdnoticias.com\/wp-content\/uploads\/2023\/01\/U2-Simulacro-de-lucha-contra-incendio-Enero-2023.jpg?resize=800%2C600&#038;ssl=1\" alt=\"\" width=\"800\" height=\"600\" srcset=\"https:\/\/i0.wp.com\/cdnoticias.com\/wp-content\/uploads\/2023\/01\/U2-Simulacro-de-lucha-contra-incendio-Enero-2023.jpg?resize=1024%2C768&amp;ssl=1 1024w, https:\/\/i0.wp.com\/cdnoticias.com\/wp-content\/uploads\/2023\/01\/U2-Simulacro-de-lucha-contra-incendio-Enero-2023.jpg?resize=300%2C225&amp;ssl=1 300w, https:\/\/i0.wp.com\/cdnoticias.com\/wp-content\/uploads\/2023\/01\/U2-Simulacro-de-lucha-contra-incendio-Enero-2023.jpg?resize=768%2C576&amp;ssl=1 768w, https:\/\/i0.wp.com\/cdnoticias.com\/wp-content\/uploads\/2023\/01\/U2-Simulacro-de-lucha-contra-incendio-Enero-2023.jpg?resize=1536%2C1152&amp;ssl=1 1536w, https:\/\/i0.wp.com\/cdnoticias.com\/wp-content\/uploads\/2023\/01\/U2-Simulacro-de-lucha-contra-incendio-Enero-2023.jpg?w=1600&amp;ssl=1 1600w\" sizes=\"auto, (max-width: 800px) 100vw, 800px\" \/><\/p>\n<p>&nbsp;<\/p>\n<p>Para el desarrollo de la actividad fue fundamental <strong>la planificaci\u00f3n de la evacuaci\u00f3n a partir de ordenes claras sobre la tarea que desarrollar\u00eda cada grupo de intervenci\u00f3n como as\u00ed tambi\u00e9n el aporte del personal de los Bomberos Voluntarios de Olavarr\u00eda<\/strong> que componen la BLCI y una ambulancia provista por la Unidad Sanitaria, equipada para brindar apoyo en este tipo de siniestros.<\/p>\n","protected":false},"excerpt":{"rendered":"<p>Fue en el marco de las capacitaciones que recibe el personal penitenciario. Hubo participaci\u00f3n de bomberos, agentes e internos.<\/p>\n","protected":false},"author":2,"featured_media":75208,"comment_status":"closed","ping_status":"closed","sticky":false,"template":"","format":"standard","meta":{"_jetpack_memberships_contains_paid_content":false,"footnotes":""},"categories":[5,1],"tags":[],"class_list":["post-75204","post","type-post","status-publish","format-standard","has-post-thumbnail","hentry","category-informacion-general","category-portada"],"jetpack_featured_media_url":"https:\/\/i0.wp.com\/cdnoticias.com\/wp-content\/uploads\/2023\/01\/U2-Simulacro-de-lucha-contra-incendio-Enero-2023c.jpg?fit=1600%2C1200&ssl=1","jetpack_sharing_enabled":true,"_links":{"self":[{"href":"https:\/\/cdnoticias.com\/index.php\/wp-json\/wp\/v2\/posts\/75204","targetHints":{"allow":["GET"]}}],"collection":[{"href":"https:\/\/cdnoticias.com\/index.php\/wp-json\/wp\/v2\/posts"}],"about":[{"href":"https:\/\/cdnoticias.com\/index.php\/wp-json\/wp\/v2\/types\/post"}],"author":[{"embeddable":true,"href":"https:\/\/cdnoticias.com\/index.php\/wp-json\/wp\/v2\/users\/2"}],"replies":[{"embeddable":true,"href":"https:\/\/cdnoticias.com\/index.php\/wp-json\/wp\/v2\/comments?post=75204"}],"version-history":[{"count":0,"href":"https:\/\/cdnoticias.com\/index.php\/wp-json\/wp\/v2\/posts\/75204\/revisions"}],"wp:featuredmedia":[{"embeddable":true,"href":"https:\/\/cdnoticias.com\/index.php\/wp-json\/wp\/v2\/media\/75208"}],"wp:attachment":[{"href":"https:\/\/cdnoticias.com\/index.php\/wp-json\/wp\/v2\/media?parent=75204"}],"wp:term":[{"taxonomy":"category","embeddable":true,"href":"https:\/\/cdnoticias.com\/index.php\/wp-json\/wp\/v2\/categories?post=75204"},{"taxonomy":"post_tag","embeddable":true,"href":"https:\/\/cdnoticias.com\/index.php\/wp-json\/wp\/v2\/tags?post=75204"}],"curies":[{"name":"wp","href":"https:\/\/api.w.org\/{rel}","templated":true}]}}