{"id":75163,"date":"2023-01-20T19:20:13","date_gmt":"2023-01-20T22:20:13","guid":{"rendered":"https:\/\/www.centraldenoticias.com.ar\/?p=75163"},"modified":"2023-01-20T19:20:13","modified_gmt":"2023-01-20T22:20:13","slug":"tandil-desarticularon-una-red-de-venta-de-cocaina","status":"publish","type":"post","link":"https:\/\/cdnoticias.com\/index.php\/2023\/01\/20\/tandil-desarticularon-una-red-de-venta-de-cocaina\/","title":{"rendered":"Tandil: desarticularon una red de venta de coca\u00edna"},"content":{"rendered":"<p>Fue tras m\u00faltiples allanamientos realizados en las \u00faltimas horas. Hubo tres meses de trabajo de investigaci\u00f3n. La causa est\u00e1 a cargo del doctor Lucas Moyano. <!--more--><\/p>\n<hr \/>\n<p>En las \u00faltimas horas, y en un importante operativo policial encabezado por la Delegaci\u00f3n de Investigaciones de Drogas Il\u00edcitas, <strong>se logr\u00f3 desarticular una red de venta de drogas en Tandil, con el principal sospechoso de encabezar dicha red detenido.<\/strong><\/p>\n<p>&nbsp;<\/p>\n<p>La investigaci\u00f3n, que dur\u00f3 tres meses de trabajo, tuvo varias pesquisas y se detectaron <strong><em>\u201crelaciones delictivas entre varios personajes de la ciudad de Tandil, asociados entre s\u00ed con fines delictivos en general y en actividades de comercio local de clorhidrato de coca\u00edna\u201d.<\/em><\/strong><\/p>\n<p>&nbsp;<\/p>\n<p><img data-recalc-dims=\"1\" loading=\"lazy\" decoding=\"async\" class=\"alignnone size-large wp-image-75167\" src=\"https:\/\/i0.wp.com\/cdnoticias.com\/wp-content\/uploads\/2023\/01\/cocaina-tandil1.jpeg?resize=800%2C800&#038;ssl=1\" alt=\"\" width=\"800\" height=\"800\" srcset=\"https:\/\/i0.wp.com\/cdnoticias.com\/wp-content\/uploads\/2023\/01\/cocaina-tandil1.jpeg?resize=1024%2C1024&amp;ssl=1 1024w, https:\/\/i0.wp.com\/cdnoticias.com\/wp-content\/uploads\/2023\/01\/cocaina-tandil1.jpeg?resize=300%2C300&amp;ssl=1 300w, https:\/\/i0.wp.com\/cdnoticias.com\/wp-content\/uploads\/2023\/01\/cocaina-tandil1.jpeg?resize=150%2C150&amp;ssl=1 150w, https:\/\/i0.wp.com\/cdnoticias.com\/wp-content\/uploads\/2023\/01\/cocaina-tandil1.jpeg?resize=768%2C768&amp;ssl=1 768w, https:\/\/i0.wp.com\/cdnoticias.com\/wp-content\/uploads\/2023\/01\/cocaina-tandil1.jpeg?w=1448&amp;ssl=1 1448w\" sizes=\"auto, (max-width: 800px) 100vw, 800px\" \/><\/p>\n<p>&nbsp;<\/p>\n<p>Esto fue a trav\u00e9s de seguimiento, filmaciones, aportes investigativos y de inteligencia de los efectivos de narcotr\u00e1fico sumado a testimonios de testigos que fueron tomados en el Ministerio P\u00fablico Fiscal.<strong> Todo esto concluy\u00f3 en detectar la identidad de los participantes, modus operandi, funci\u00f3n de cada uno de estos en la red delictiva investigada, como asimismo domicilios involucrados y lugares de ocultamiento.<\/strong><\/p>\n<p>&nbsp;<\/p>\n<blockquote><p>El doctor Lucas Moyano, quien subroga la UFI N\u00b024 de Tandil, pidi\u00f3 al Juez de Garant\u00edas varias \u00f3rdenes de allanamiento y secuestro para lograr desarticular la red.<\/p><\/blockquote>\n<p>&nbsp;<\/p>\n<p><strong>M\u00e1s de 70 efectivos policiales de Drogas Il\u00edcitas, con refuerzos especializados de Azul y Tandil, se trasladaron a Barrio Movediza y Barrio Arco Iris para efectivizar dichos procedimientos.<\/strong> Tambi\u00e9n particip\u00f3 Infanter\u00eda, Polic\u00eda Departamental de Seguridad, la supervisi\u00f3n de la doctora Florencia Molina de la Oficina de Coordinaci\u00f3n de Estupefacientes de Tandil, dependiente del Ministerio P\u00fablico Fiscal y el fiscal a cargo, Moyano.<\/p>\n<p>&nbsp;<\/p>\n<p><img data-recalc-dims=\"1\" loading=\"lazy\" decoding=\"async\" class=\"alignnone size-large wp-image-75166\" src=\"https:\/\/i0.wp.com\/cdnoticias.com\/wp-content\/uploads\/2023\/01\/cocaina-tandil2.jpeg?resize=691%2C1024&#038;ssl=1\" alt=\"\" width=\"691\" height=\"1024\" srcset=\"https:\/\/i0.wp.com\/cdnoticias.com\/wp-content\/uploads\/2023\/01\/cocaina-tandil2.jpeg?resize=691%2C1024&amp;ssl=1 691w, https:\/\/i0.wp.com\/cdnoticias.com\/wp-content\/uploads\/2023\/01\/cocaina-tandil2.jpeg?resize=202%2C300&amp;ssl=1 202w, https:\/\/i0.wp.com\/cdnoticias.com\/wp-content\/uploads\/2023\/01\/cocaina-tandil2.jpeg?resize=768%2C1138&amp;ssl=1 768w, https:\/\/i0.wp.com\/cdnoticias.com\/wp-content\/uploads\/2023\/01\/cocaina-tandil2.jpeg?resize=1036%2C1536&amp;ssl=1 1036w, https:\/\/i0.wp.com\/cdnoticias.com\/wp-content\/uploads\/2023\/01\/cocaina-tandil2.jpeg?w=1079&amp;ssl=1 1079w\" sizes=\"auto, (max-width: 691px) 100vw, 691px\" \/><\/p>\n<p>&nbsp;<\/p>\n<p>De los tres domicilios allanados,<strong> en uno fue aprehendido el principal investigado, un joven de 25 a\u00f1os, que ten\u00eda en su poder clorhidrato de coca\u00edna, armas y munici\u00f3n de fuego, dinero en efectivo, elementos de corte y estiramiento de la droga, tel\u00e9fonos celulares entre otros elementos.<\/strong> Tambi\u00e9n le secuestraron una moto Mondial 110 cc \u201cla cual posee solicitud de secuestro activa\u201d.<\/p>\n<p>&nbsp;<\/p>\n<p><img data-recalc-dims=\"1\" loading=\"lazy\" decoding=\"async\" class=\"alignnone size-large wp-image-75165\" src=\"https:\/\/i0.wp.com\/cdnoticias.com\/wp-content\/uploads\/2023\/01\/cocaina-tandil3.jpeg?resize=800%2C450&#038;ssl=1\" alt=\"\" width=\"800\" height=\"450\" srcset=\"https:\/\/i0.wp.com\/cdnoticias.com\/wp-content\/uploads\/2023\/01\/cocaina-tandil3-rotated.jpeg?resize=1024%2C576&amp;ssl=1 1024w, https:\/\/i0.wp.com\/cdnoticias.com\/wp-content\/uploads\/2023\/01\/cocaina-tandil3-rotated.jpeg?resize=300%2C169&amp;ssl=1 300w, https:\/\/i0.wp.com\/cdnoticias.com\/wp-content\/uploads\/2023\/01\/cocaina-tandil3-rotated.jpeg?resize=768%2C432&amp;ssl=1 768w, https:\/\/i0.wp.com\/cdnoticias.com\/wp-content\/uploads\/2023\/01\/cocaina-tandil3-rotated.jpeg?resize=1536%2C864&amp;ssl=1 1536w, https:\/\/i0.wp.com\/cdnoticias.com\/wp-content\/uploads\/2023\/01\/cocaina-tandil3-rotated.jpeg?w=1599&amp;ssl=1 1599w\" sizes=\"auto, (max-width: 800px) 100vw, 800px\" \/><\/p>\n<p>El aprehendido ahora ser\u00e1 indagado en el marco de las causas con IPP 01-01-002930-22\/00 y sus acumuladas I.P.P N\u00b0 01-01-004663-22\/00 E I.P.P N\u00b0 01-01-003542-22\/00 y posteriormente quedar\u00e1 en custodia policial.<\/p>\n","protected":false},"excerpt":{"rendered":"<p>Fue tras m\u00faltiples allanamientos realizados en las \u00faltimas horas. Hubo tres meses de trabajo de investigaci\u00f3n. La causa est\u00e1 a<\/p>\n","protected":false},"author":2,"featured_media":75164,"comment_status":"closed","ping_status":"closed","sticky":false,"template":"","format":"standard","meta":{"_jetpack_memberships_contains_paid_content":false,"footnotes":""},"categories":[6,1],"tags":[],"class_list":["post-75163","post","type-post","status-publish","format-standard","has-post-thumbnail","hentry","category-nacionales","category-portada"],"jetpack_featured_media_url":"https:\/\/i0.wp.com\/cdnoticias.com\/wp-content\/uploads\/2023\/01\/cocaina-tandil.jpeg?fit=1447%2C846&ssl=1","jetpack_sharing_enabled":true,"_links":{"self":[{"href":"https:\/\/cdnoticias.com\/index.php\/wp-json\/wp\/v2\/posts\/75163","targetHints":{"allow":["GET"]}}],"collection":[{"href":"https:\/\/cdnoticias.com\/index.php\/wp-json\/wp\/v2\/posts"}],"about":[{"href":"https:\/\/cdnoticias.com\/index.php\/wp-json\/wp\/v2\/types\/post"}],"author":[{"embeddable":true,"href":"https:\/\/cdnoticias.com\/index.php\/wp-json\/wp\/v2\/users\/2"}],"replies":[{"embeddable":true,"href":"https:\/\/cdnoticias.com\/index.php\/wp-json\/wp\/v2\/comments?post=75163"}],"version-history":[{"count":0,"href":"https:\/\/cdnoticias.com\/index.php\/wp-json\/wp\/v2\/posts\/75163\/revisions"}],"wp:featuredmedia":[{"embeddable":true,"href":"https:\/\/cdnoticias.com\/index.php\/wp-json\/wp\/v2\/media\/75164"}],"wp:attachment":[{"href":"https:\/\/cdnoticias.com\/index.php\/wp-json\/wp\/v2\/media?parent=75163"}],"wp:term":[{"taxonomy":"category","embeddable":true,"href":"https:\/\/cdnoticias.com\/index.php\/wp-json\/wp\/v2\/categories?post=75163"},{"taxonomy":"post_tag","embeddable":true,"href":"https:\/\/cdnoticias.com\/index.php\/wp-json\/wp\/v2\/tags?post=75163"}],"curies":[{"name":"wp","href":"https:\/\/api.w.org\/{rel}","templated":true}]}}