{"id":75156,"date":"2023-01-20T17:33:48","date_gmt":"2023-01-20T20:33:48","guid":{"rendered":"https:\/\/www.centraldenoticias.com.ar\/?p=75156"},"modified":"2023-01-20T17:33:48","modified_gmt":"2023-01-20T20:33:48","slug":"robledo-puch-podria-salir-en-libertad-despues-de-50-anos-preso","status":"publish","type":"post","link":"https:\/\/cdnoticias.com\/index.php\/2023\/01\/20\/robledo-puch-podria-salir-en-libertad-despues-de-50-anos-preso\/","title":{"rendered":"Robledo Puch podr\u00eda salir en libertad despu\u00e9s de 50 a\u00f1os preso"},"content":{"rendered":"<p>Quedar\u00eda a cargo de dos mujeres en una residencia para adultos en San Nicol\u00e1s. Dieron garant\u00edas para su cuidado y le ofrecieron albergue en dicho lugar.<!--more--><\/p>\n<hr \/>\n<p>Despu\u00e9s de 50 a\u00f1os de estar preso por 11 cr\u00edmenes,<strong> Carlos Robledo Puch podr\u00eda salir en libertad. Seg\u00fan inform\u00f3 su abogado, Jorge Alfonso, dos mujeres a cargo de una residencia para adultos de la localidad bonaerense de San Nicol\u00e1s<\/strong> dieron garant\u00edas para su cuidado y le ofrecieron albergarlo.<\/p>\n<p>&nbsp;<\/p>\n<p>Adem\u00e1s, Alfonso anunci\u00f3 al canal de noticias TN que <strong>Robledo Puch dio el consentimiento para ser trasladado.<\/strong> Esta oportunidad puede generar gran revuelo en la sociedad ya que al hombre de 70 a\u00f1os y que est\u00e1 preso desde hace tiempo en la c\u00e1rcel de Olmos,<strong> le rechazaron en varias oportunidades la solicitud de la libertad.<\/strong><\/p>\n<p>&nbsp;<\/p>\n<blockquote><p>Seg\u00fan la Justicia, las denegaciones constantes a su libertad se deben a que las pericias psicol\u00f3gicas y psiqui\u00e1tricas manifiestan que si sale de la c\u00e1rcel vuelve a matar, algo que tambi\u00e9n \u00e9l mismo manifest\u00f3: \u201cCuando salga los voy a matar a todos\u201d.<\/p><\/blockquote>\n<p>&nbsp;<\/p>\n<p>Adem\u00e1s, las autoridades del caso saben que <strong>el asesino serial ya no tiene familiares con vida motivo por el cual no puede mantenerse ni cuidarse por sus propios medios.<\/strong><\/p>\n<p>&nbsp;<\/p>\n<p>\u201c<em>En estos d\u00edas voy a presentar los requisitos que me pidi\u00f3 en diciembre el Juez de Ejecuci\u00f3n Penal de San Isidro, se har\u00e1 una constataci\u00f3n y despu\u00e9s, calculo, se arbitrar\u00e1n los medios para que Robledo Puch vaya a esa residencia\u201d<\/em>, explic\u00f3 Alfonso respecto al anuncio de su libertad.<\/p>\n<p>&nbsp;<\/p>\n<p>Con relaci\u00f3n a c\u00f3mo est\u00e1 Robledo respecto de la noticia, se\u00f1al\u00f3 que est\u00e1 ansioso y con ganas de cambiar de ambiente: <em>\u201cHablamos de todo, de la causa, de lo que pas\u00f3, de los traslados que tuvo, de lo que siente. Mentalmente lo vi muy l\u00facido, pero tiene muchos problemas de salud. Hay que hacerle un estudio cl\u00ednico general. Est\u00e1 muy flaco, come muy poco. No est\u00e1 para nada bien. No es el de las fotos que circulan. Ah\u00ed estaba gordito, rellenito. Ahora est\u00e1 muy deteriorado\u201d.<\/em><\/p>\n","protected":false},"excerpt":{"rendered":"<p>Quedar\u00eda a cargo de dos mujeres en una residencia para adultos en San Nicol\u00e1s. Dieron garant\u00edas para su cuidado y<\/p>\n","protected":false},"author":2,"featured_media":75157,"comment_status":"closed","ping_status":"closed","sticky":false,"template":"","format":"standard","meta":{"_jetpack_memberships_contains_paid_content":false,"footnotes":""},"categories":[6,1],"tags":[],"class_list":["post-75156","post","type-post","status-publish","format-standard","has-post-thumbnail","hentry","category-nacionales","category-portada"],"jetpack_featured_media_url":"https:\/\/i0.wp.com\/cdnoticias.com\/wp-content\/uploads\/2023\/01\/R-Puch.jpg?fit=992%2C558&ssl=1","jetpack_sharing_enabled":true,"_links":{"self":[{"href":"https:\/\/cdnoticias.com\/index.php\/wp-json\/wp\/v2\/posts\/75156","targetHints":{"allow":["GET"]}}],"collection":[{"href":"https:\/\/cdnoticias.com\/index.php\/wp-json\/wp\/v2\/posts"}],"about":[{"href":"https:\/\/cdnoticias.com\/index.php\/wp-json\/wp\/v2\/types\/post"}],"author":[{"embeddable":true,"href":"https:\/\/cdnoticias.com\/index.php\/wp-json\/wp\/v2\/users\/2"}],"replies":[{"embeddable":true,"href":"https:\/\/cdnoticias.com\/index.php\/wp-json\/wp\/v2\/comments?post=75156"}],"version-history":[{"count":0,"href":"https:\/\/cdnoticias.com\/index.php\/wp-json\/wp\/v2\/posts\/75156\/revisions"}],"wp:featuredmedia":[{"embeddable":true,"href":"https:\/\/cdnoticias.com\/index.php\/wp-json\/wp\/v2\/media\/75157"}],"wp:attachment":[{"href":"https:\/\/cdnoticias.com\/index.php\/wp-json\/wp\/v2\/media?parent=75156"}],"wp:term":[{"taxonomy":"category","embeddable":true,"href":"https:\/\/cdnoticias.com\/index.php\/wp-json\/wp\/v2\/categories?post=75156"},{"taxonomy":"post_tag","embeddable":true,"href":"https:\/\/cdnoticias.com\/index.php\/wp-json\/wp\/v2\/tags?post=75156"}],"curies":[{"name":"wp","href":"https:\/\/api.w.org\/{rel}","templated":true}]}}