{"id":75149,"date":"2023-01-21T08:15:48","date_gmt":"2023-01-21T11:15:48","guid":{"rendered":"https:\/\/www.centraldenoticias.com.ar\/?p=75149"},"modified":"2023-01-21T08:15:48","modified_gmt":"2023-01-21T11:15:48","slug":"kochi-tue-colocacion-de-alcantarillas","status":"publish","type":"post","link":"https:\/\/cdnoticias.com\/index.php\/2023\/01\/21\/kochi-tue-colocacion-de-alcantarillas\/","title":{"rendered":"Kochi Tu\u00e9: colocaci\u00f3n de alcantarillas"},"content":{"rendered":"<p>Las obras se llevaron adelante sobre las calles 4, Ayecan y Aliwen. Trabajaron la Delegaci\u00f3n Municipal de Loma Negra y la Direcci\u00f3n de Caminos Rurales.<\/p>\n<p><!--more--><\/p>\n<hr \/>\n<p>En el transcurso de los \u00faltimos d\u00edas se realiz\u00f3 la <strong>colocaci\u00f3n de alcantarillas en distintos puntos de la localidad de Kochi Tu\u00e9<\/strong>.<\/p>\n<p>&nbsp;<\/p>\n<p>La labor fue realizada de manera conjunta y con recursos propios entre la <strong>Delegaci\u00f3n Municipal de Loma Negra y la Direcci\u00f3n de Caminos Rurales<\/strong>.<\/p>\n<p>&nbsp;<\/p>\n<p><img data-recalc-dims=\"1\" loading=\"lazy\" decoding=\"async\" class=\"size-full wp-image-75151 aligncenter\" src=\"https:\/\/i0.wp.com\/cdnoticias.com\/wp-content\/uploads\/2023\/01\/Kochi-Tue-alcantarillas-0.jpg?resize=800%2C445&#038;ssl=1\" alt=\"\" width=\"800\" height=\"445\" srcset=\"https:\/\/i0.wp.com\/cdnoticias.com\/wp-content\/uploads\/2023\/01\/Kochi-Tue-alcantarillas-0.jpg?w=800&amp;ssl=1 800w, https:\/\/i0.wp.com\/cdnoticias.com\/wp-content\/uploads\/2023\/01\/Kochi-Tue-alcantarillas-0.jpg?resize=300%2C167&amp;ssl=1 300w, https:\/\/i0.wp.com\/cdnoticias.com\/wp-content\/uploads\/2023\/01\/Kochi-Tue-alcantarillas-0.jpg?resize=768%2C427&amp;ssl=1 768w\" sizes=\"auto, (max-width: 800px) 100vw, 800px\" \/><\/p>\n<p>&nbsp;<\/p>\n<p>De acuerdo con lo que se detall\u00f3, las tareas se efectuaron sobre<strong> sitios estrat\u00e9gicos<\/strong> de la localidad para lograr un <strong>mejor escurrimiento del agua<\/strong>.<\/p>\n<p>&nbsp;<\/p>\n<p>Adem\u00e1s, tambi\u00e9n se hicieron los mismos trabajos en sectores en los que <strong>se responde al crecimiento y solicitudes de los vecinos y vecinas<\/strong> de ese punto del Partido de Olavarr\u00eda, pedido que fue canalizado a trav\u00e9s de la Delegaci\u00f3n Municipal de Loma Negra.<\/p>\n<p>&nbsp;<\/p>\n<blockquote><p>Se detall\u00f3 que las alcantarillas fueron colocadas sobre calle 4 en la intersecci\u00f3n hacia calle 2, en Ayecan e intersecci\u00f3n hacia calle 3 y en Aliwen e intersecci\u00f3n hacia camino Frontera Sur.<\/p><\/blockquote>\n<p>&nbsp;<\/p>\n<p><img data-recalc-dims=\"1\" loading=\"lazy\" decoding=\"async\" class=\"size-full wp-image-75152 aligncenter\" src=\"https:\/\/i0.wp.com\/cdnoticias.com\/wp-content\/uploads\/2023\/01\/Kochi-Tue-alcantarillas-1.jpg?resize=800%2C445&#038;ssl=1\" alt=\"\" width=\"800\" height=\"445\" srcset=\"https:\/\/i0.wp.com\/cdnoticias.com\/wp-content\/uploads\/2023\/01\/Kochi-Tue-alcantarillas-1.jpg?w=800&amp;ssl=1 800w, https:\/\/i0.wp.com\/cdnoticias.com\/wp-content\/uploads\/2023\/01\/Kochi-Tue-alcantarillas-1.jpg?resize=300%2C167&amp;ssl=1 300w, https:\/\/i0.wp.com\/cdnoticias.com\/wp-content\/uploads\/2023\/01\/Kochi-Tue-alcantarillas-1.jpg?resize=768%2C427&amp;ssl=1 768w\" sizes=\"auto, (max-width: 800px) 100vw, 800px\" \/><\/p>\n<p>&nbsp;<\/p>\n","protected":false},"excerpt":{"rendered":"<p>Las obras se llevaron adelante sobre las calles 4, Ayecan y Aliwen. Trabajaron la Delegaci\u00f3n Municipal de Loma Negra y<\/p>\n","protected":false},"author":4,"featured_media":75150,"comment_status":"closed","ping_status":"closed","sticky":false,"template":"","format":"standard","meta":{"_jetpack_memberships_contains_paid_content":false,"footnotes":""},"categories":[5,1],"tags":[],"class_list":["post-75149","post","type-post","status-publish","format-standard","has-post-thumbnail","hentry","category-informacion-general","category-portada"],"jetpack_featured_media_url":"https:\/\/i0.wp.com\/cdnoticias.com\/wp-content\/uploads\/2023\/01\/Kochi-Tue-alcantarillas-2.jpg?fit=800%2C445&ssl=1","jetpack_sharing_enabled":true,"_links":{"self":[{"href":"https:\/\/cdnoticias.com\/index.php\/wp-json\/wp\/v2\/posts\/75149","targetHints":{"allow":["GET"]}}],"collection":[{"href":"https:\/\/cdnoticias.com\/index.php\/wp-json\/wp\/v2\/posts"}],"about":[{"href":"https:\/\/cdnoticias.com\/index.php\/wp-json\/wp\/v2\/types\/post"}],"author":[{"embeddable":true,"href":"https:\/\/cdnoticias.com\/index.php\/wp-json\/wp\/v2\/users\/4"}],"replies":[{"embeddable":true,"href":"https:\/\/cdnoticias.com\/index.php\/wp-json\/wp\/v2\/comments?post=75149"}],"version-history":[{"count":0,"href":"https:\/\/cdnoticias.com\/index.php\/wp-json\/wp\/v2\/posts\/75149\/revisions"}],"wp:featuredmedia":[{"embeddable":true,"href":"https:\/\/cdnoticias.com\/index.php\/wp-json\/wp\/v2\/media\/75150"}],"wp:attachment":[{"href":"https:\/\/cdnoticias.com\/index.php\/wp-json\/wp\/v2\/media?parent=75149"}],"wp:term":[{"taxonomy":"category","embeddable":true,"href":"https:\/\/cdnoticias.com\/index.php\/wp-json\/wp\/v2\/categories?post=75149"},{"taxonomy":"post_tag","embeddable":true,"href":"https:\/\/cdnoticias.com\/index.php\/wp-json\/wp\/v2\/tags?post=75149"}],"curies":[{"name":"wp","href":"https:\/\/api.w.org\/{rel}","templated":true}]}}