{"id":75142,"date":"2023-01-20T13:30:13","date_gmt":"2023-01-20T16:30:13","guid":{"rendered":"https:\/\/www.centraldenoticias.com.ar\/?p=75142"},"modified":"2023-01-20T13:30:13","modified_gmt":"2023-01-20T16:30:13","slug":"durante-diciembre-y-enero-la-cnrt-fiscalizo-mas-de-2-mil-vehiculos-en-olavarria","status":"publish","type":"post","link":"https:\/\/cdnoticias.com\/index.php\/2023\/01\/20\/durante-diciembre-y-enero-la-cnrt-fiscalizo-mas-de-2-mil-vehiculos-en-olavarria\/","title":{"rendered":"Durante diciembre y enero la CNRT fiscaliz\u00f3 m\u00e1s de 2 mil veh\u00edculos en Olavarr\u00eda"},"content":{"rendered":"<p>Las tareas forman parte del Operativo Verano 2023 \u201cViaj\u00e1 Seguro\u201d que se realiza a nivel nacional. <!--more--><\/p>\n<hr \/>\n<p>La delegaci\u00f3n local de la Comisi\u00f3n Nacional de Regulaci\u00f3n de Transporte (CNRT), organismo del Ministerio de Transporte, fiscaliz\u00f3 m\u00e1s de 2 mil veh\u00edculos <strong>durante el mes de diciembre y la primera quincena de enero<\/strong> del operativo que se realiza a nivel nacional.<\/p>\n<p>&nbsp;<\/p>\n<p>Seg\u00fan se indic\u00f3, en total <strong>se fiscalizaron 2142 veh\u00edculos con 53 retenciones contabilizadas.<\/strong><\/p>\n<p>&nbsp;<\/p>\n<p>La <strong>subdelegada de CNRT en Olavarr\u00eda, Cecilia Aisaguer<\/strong>, coment\u00f3 que \u201cel objetivo de este operativo de temporada consisti\u00f3 en <strong>controlar para una mayor seguridad vial en las rutas y que la gente pueda disfrutar de sus vacaciones<\/strong>\u201d y agreg\u00f3: \u201ctambi\u00e9n controlamos micros que brindaban servicio a viajes de egresados para que muchos estudiantes de nuestra ciudad viajen seguros\u201d.<\/p>\n<p>&nbsp;<\/p>\n<p>\u201cConcluimos el mes de diciembre y la primera quincena del Operativo Verano 2023 con un <strong>balance muy positivo<\/strong> donde <strong>verificamos que el transporte de pasajeros y de cargas circule con los permisos correspondientes<\/strong>, que cuenten con la Revisi\u00f3n T\u00e9cnica Obligatoria (RTO) en vigencia, que los conductores y conductoras tengan su Licencia Nacional de Transporte Interjurisdiccional (LINTI) y el descanso correspondiente para realizar el servicio mediante el control de libretas de trabajo\u201d, explic\u00f3 Aisaguer.<\/p>\n<p>&nbsp;<\/p>\n<p><img data-recalc-dims=\"1\" loading=\"lazy\" decoding=\"async\" class=\"aligncenter size-full wp-image-75143\" src=\"https:\/\/i0.wp.com\/cdnoticias.com\/wp-content\/uploads\/2023\/01\/CNRT-.jpg?resize=800%2C445&#038;ssl=1\" alt=\"\" width=\"800\" height=\"445\" srcset=\"https:\/\/i0.wp.com\/cdnoticias.com\/wp-content\/uploads\/2023\/01\/CNRT-.jpg?w=800&amp;ssl=1 800w, https:\/\/i0.wp.com\/cdnoticias.com\/wp-content\/uploads\/2023\/01\/CNRT-.jpg?resize=300%2C167&amp;ssl=1 300w, https:\/\/i0.wp.com\/cdnoticias.com\/wp-content\/uploads\/2023\/01\/CNRT-.jpg?resize=768%2C427&amp;ssl=1 768w\" sizes=\"auto, (max-width: 800px) 100vw, 800px\" \/><\/p>\n<p>&nbsp;<\/p>\n<p>Adem\u00e1s, Aisaguer destac\u00f3 que el Operativo Verano 2023 \u201crealiza un especial hincapi\u00e9 en hablar con los pasajeros y pasajeras de la importancia del uso del cintur\u00f3n de seguridad en micros de larga distancia\u201d.<\/p>\n<p>&nbsp;<\/p>\n<blockquote><p>Por su parte, Eduardo Rodr\u00edguez, principal impulsor para que Olavarr\u00eda cuente con una oficina de CNRT, expres\u00f3 \u201c<strong>el gran valor que tiene para Olavarr\u00eda contar con una oficina de CNRT<\/strong> y personas capacitadas para realizar los controles necesarios en la zona y garantizar la seguridad en el transporte de cargas y pasajeros\u201d.<\/p><\/blockquote>\n<p>&nbsp;<\/p>\n<p>A <strong>nivel nacional<\/strong> las estad\u00edsticas muestran que ya se <strong>llevan controlados 77.069 veh\u00edculos, de los cuales 47.155 corresponden al transporte de cargas, y 29.9147 a pasajeros.<\/strong><\/p>\n<p>&nbsp;<\/p>\n<p>\u201cLos n\u00fameros nos indican el gran flujo vehicular que esper\u00e1bamos en esta temporada, con un movimiento en estos primeros quince d\u00edas de 15.439 servicios desde y hacia la Terminal Retiro, como punto neur\u00e1lgico de mayor movimiento. Esto implica una cantidad de m\u00e1s de 770.000 pasajeros y pasajeras que viajaron a distintos destinos tur\u00edsticos siendo la Costa Atl\u00e1ntica, como Mar del Plata, Villa Gesell y Miramar, los m\u00e1s elegidos, adem\u00e1s de Mendoza C\u00f3rdoba, Bariloche y Tucum\u00e1n\u201d, expres\u00f3 <strong>Jos\u00e9 Arteaga, director ejecutivo de la CNRT.<\/strong><\/p>\n<p>&nbsp;<\/p>\n","protected":false},"excerpt":{"rendered":"<p>Las tareas forman parte del Operativo Verano 2023 \u201cViaj\u00e1 Seguro\u201d que se realiza a nivel nacional.<\/p>\n","protected":false},"author":5,"featured_media":75144,"comment_status":"closed","ping_status":"closed","sticky":false,"template":"","format":"standard","meta":{"_jetpack_memberships_contains_paid_content":false,"footnotes":""},"categories":[5,1],"tags":[],"class_list":["post-75142","post","type-post","status-publish","format-standard","has-post-thumbnail","hentry","category-informacion-general","category-portada"],"jetpack_featured_media_url":"https:\/\/i0.wp.com\/cdnoticias.com\/wp-content\/uploads\/2023\/01\/CNRT-1.jpg?fit=800%2C445&ssl=1","jetpack_sharing_enabled":true,"_links":{"self":[{"href":"https:\/\/cdnoticias.com\/index.php\/wp-json\/wp\/v2\/posts\/75142","targetHints":{"allow":["GET"]}}],"collection":[{"href":"https:\/\/cdnoticias.com\/index.php\/wp-json\/wp\/v2\/posts"}],"about":[{"href":"https:\/\/cdnoticias.com\/index.php\/wp-json\/wp\/v2\/types\/post"}],"author":[{"embeddable":true,"href":"https:\/\/cdnoticias.com\/index.php\/wp-json\/wp\/v2\/users\/5"}],"replies":[{"embeddable":true,"href":"https:\/\/cdnoticias.com\/index.php\/wp-json\/wp\/v2\/comments?post=75142"}],"version-history":[{"count":0,"href":"https:\/\/cdnoticias.com\/index.php\/wp-json\/wp\/v2\/posts\/75142\/revisions"}],"wp:featuredmedia":[{"embeddable":true,"href":"https:\/\/cdnoticias.com\/index.php\/wp-json\/wp\/v2\/media\/75144"}],"wp:attachment":[{"href":"https:\/\/cdnoticias.com\/index.php\/wp-json\/wp\/v2\/media?parent=75142"}],"wp:term":[{"taxonomy":"category","embeddable":true,"href":"https:\/\/cdnoticias.com\/index.php\/wp-json\/wp\/v2\/categories?post=75142"},{"taxonomy":"post_tag","embeddable":true,"href":"https:\/\/cdnoticias.com\/index.php\/wp-json\/wp\/v2\/tags?post=75142"}],"curies":[{"name":"wp","href":"https:\/\/api.w.org\/{rel}","templated":true}]}}