{"id":75139,"date":"2023-01-20T17:44:52","date_gmt":"2023-01-20T20:44:52","guid":{"rendered":"https:\/\/www.centraldenoticias.com.ar\/?p=75139"},"modified":"2023-01-20T17:44:52","modified_gmt":"2023-01-20T20:44:52","slug":"damian-lopez-visito-el-espacio-disidente-del-stmo","status":"publish","type":"post","link":"https:\/\/cdnoticias.com\/index.php\/2023\/01\/20\/damian-lopez-visito-el-espacio-disidente-del-stmo\/","title":{"rendered":"Dami\u00e1n L\u00f3pez visit\u00f3 el Espacio Disidente del STMO"},"content":{"rendered":"<p>El activista se reuni\u00f3n con la coordinadora del espacio, Victoria Altavista para dialogar sobre las problem\u00e1ticas de la comunidad LGBTI.<!--more--><\/p>\n<hr \/>\n<p>La coordinadora del Espacio Disidente del Sindicato de Trabajadores Municipales de Olavarr\u00eda, Victoria Altavista, se reuni\u00f3 con <strong>Dami\u00e1n L\u00f3pez, secretario auton\u00f3mico de Pol\u00edticas LGBTI de la comunidad Valenciana del PSPV-PSOE.<\/strong><\/p>\n<p>&nbsp;<\/p>\n<p>Dialogaron sobre las diferentes formas de trabajo, <strong>pensando en el avance y el apoyo al colectivo de la diversidad en Olavarr\u00eda,<\/strong> enriqueci\u00e9ndose a trav\u00e9s de la experiencia y el camino recorrido por ambos activistas.<\/p>\n<p>&nbsp;<\/p>\n<blockquote><p>&#8220;Es importante que se comparta la militancia y trabajo hacia un colectivo que viene siendo vulnerado hace a\u00f1os. Pensar en espacios donde tengamos voz y participaci\u00f3n en pol\u00edticas p\u00fablicas, donde seamos parte\u201d, afirm\u00f3 Victoria Altavista.<\/p><\/blockquote>\n<p>&nbsp;<\/p>\n<p>Dami\u00e1n L\u00f3pez ha dedicado su vida al deporte y al activismo por los derechos de las personas del colectivo LGTBI+.<\/p>\n<p>&nbsp;<\/p>\n<p>A los 23 a\u00f1os tras recuperarse de un c\u00e1ncer con met\u00e1stasis que le pronosticaba una esperanza de vida del 35%, decidi\u00f3 dedicar su vida por completo al activismo para mostrar al mundo que el deporte puede cambiar tu vida.<\/p>\n<p>&nbsp;<\/p>\n<blockquote class=\"twitter-tweet\" data-width=\"550\" data-dnt=\"true\">\n<p lang=\"es\" dir=\"ltr\">Hoy visite el Espacio de Diversidad Sexual y Disidencias del STMO para charlar sobre las problem\u00e1ticas de nuestra comunidad en la ciudad. <br \/>Gracias Madame Lu por el recibimiento y t\u00fa buena energ\u00eda! \ud83c\udff3\ufe0f\u200d\ud83c\udf08\u2764\ufe0f\ud83c\udff3\ufe0f\u200d\u26a7\ufe0f<a href=\"https:\/\/twitter.com\/hashtag\/LGTBI?src=hash&amp;ref_src=twsrc%5Etfw\">#LGTBI<\/a> <a href=\"https:\/\/t.co\/PZnHj59WWe\">pic.twitter.com\/PZnHj59WWe<\/a><\/p>\n<p>&mdash; Dammi\u00e1n L\u00f3pez (@Dammian_tkd) <a href=\"https:\/\/twitter.com\/Dammian_tkd\/status\/1616216989252427778?ref_src=twsrc%5Etfw\">January 19, 2023<\/a><\/p><\/blockquote>\n<p><script async src=\"https:\/\/platform.twitter.com\/widgets.js\" charset=\"utf-8\"><\/script><\/p>\n<p>&nbsp;<\/p>\n<blockquote><p>Actualmente es el primer activista por los derechos LGTBI+ de Taekwondo del mundo reconocido por una federaci\u00f3n de taekwondo ol\u00edmpico, es el creador y entrenador del primer Club LGTBI+ federado de Taekwondo del mundo, presidente de la primera secretaria de diversidad dentro de un ente que regula el Taekwondo en Espa\u00f1a.<\/p><\/blockquote>\n<p>&nbsp;<\/p>\n<p>Fue tambi\u00e9n el impulsor de la creaci\u00f3n del primer departamento de diversidad dentro de una instituci\u00f3n que regula el Taekwondo a nivel nacional en Argentina.<\/p>\n<p>&nbsp;<\/p>\n<p>En el a\u00f1o<strong> 2021 se incorpor\u00f3 al PSPV-PSOE<\/strong> como parte de la comisi\u00f3n ejecutiva nacional con el presidente de la comunidad valenciana para llevar adelante la secretaria de pol\u00edticas LGTBI+ de la Comunidad Valenciana. Tambi\u00e9n particip\u00f3 de la c\u00e1ndida de Valencia Gay Games 2026 y desde este a\u00f1o es director por Espa\u00f1a de IAGLMA en San Francisco.<\/p>\n","protected":false},"excerpt":{"rendered":"<p>El activista se reuni\u00f3n con la coordinadora del espacio, Victoria Altavista para dialogar sobre las problem\u00e1ticas de la comunidad LGBTI.<\/p>\n","protected":false},"author":5,"featured_media":75140,"comment_status":"closed","ping_status":"closed","sticky":false,"template":"","format":"standard","meta":{"_jetpack_memberships_contains_paid_content":false,"footnotes":""},"categories":[3,1],"tags":[],"class_list":["post-75139","post","type-post","status-publish","format-standard","has-post-thumbnail","hentry","category-genero","category-portada"],"jetpack_featured_media_url":"https:\/\/i0.wp.com\/cdnoticias.com\/wp-content\/uploads\/2023\/01\/damianlopez-victoriaaltavista.jpg?fit=1280%2C712&ssl=1","jetpack_sharing_enabled":true,"_links":{"self":[{"href":"https:\/\/cdnoticias.com\/index.php\/wp-json\/wp\/v2\/posts\/75139","targetHints":{"allow":["GET"]}}],"collection":[{"href":"https:\/\/cdnoticias.com\/index.php\/wp-json\/wp\/v2\/posts"}],"about":[{"href":"https:\/\/cdnoticias.com\/index.php\/wp-json\/wp\/v2\/types\/post"}],"author":[{"embeddable":true,"href":"https:\/\/cdnoticias.com\/index.php\/wp-json\/wp\/v2\/users\/5"}],"replies":[{"embeddable":true,"href":"https:\/\/cdnoticias.com\/index.php\/wp-json\/wp\/v2\/comments?post=75139"}],"version-history":[{"count":0,"href":"https:\/\/cdnoticias.com\/index.php\/wp-json\/wp\/v2\/posts\/75139\/revisions"}],"wp:featuredmedia":[{"embeddable":true,"href":"https:\/\/cdnoticias.com\/index.php\/wp-json\/wp\/v2\/media\/75140"}],"wp:attachment":[{"href":"https:\/\/cdnoticias.com\/index.php\/wp-json\/wp\/v2\/media?parent=75139"}],"wp:term":[{"taxonomy":"category","embeddable":true,"href":"https:\/\/cdnoticias.com\/index.php\/wp-json\/wp\/v2\/categories?post=75139"},{"taxonomy":"post_tag","embeddable":true,"href":"https:\/\/cdnoticias.com\/index.php\/wp-json\/wp\/v2\/tags?post=75139"}],"curies":[{"name":"wp","href":"https:\/\/api.w.org\/{rel}","templated":true}]}}