{"id":7513,"date":"2020-11-26T09:24:21","date_gmt":"2020-11-26T12:24:21","guid":{"rendered":"http:\/\/www.centraldenoticias.com.ar\/?p=7513"},"modified":"2020-11-26T10:53:47","modified_gmt":"2020-11-26T13:53:47","slug":"el-partido-obrero-denuncio-una-venta-de-terrenos-fiscales-record-al-sindicato-de-trabajadores-municipales","status":"publish","type":"post","link":"https:\/\/cdnoticias.com\/index.php\/2020\/11\/26\/el-partido-obrero-denuncio-una-venta-de-terrenos-fiscales-record-al-sindicato-de-trabajadores-municipales\/","title":{"rendered":"El Partido Obrero denunci\u00f3 una venta de terrenos fiscales &#8220;record&#8221; al Sindicato de Trabajadores Municipales"},"content":{"rendered":"<p>Se\u00f1alaron que la venta se concret\u00f3 \u201cen menos de una semana\u201d de terrenos en la zona detr\u00e1s de La M\u00e1xima por 40 millones de pesos. El proyecto validando la venta estar\u00e1 en el HCD.<!--more--><\/p>\n<hr \/>\n<p>El Partido Obrero, mediante un comunicado emitido en la \u00faltima hora del mi\u00e9rcoles, <strong>denunci\u00f3 la venta de terrenos fiscales desde el Municipio al Sindicato de Trabajadores Municipales por 40 millones de pesos, en la zona detr\u00e1s de la M\u00e1xima.<\/strong> <em>\u201cGalli deber\u00eda destinar esas tierras a reducir el d\u00e9ficit habitacional\u201d<\/em> se\u00f1alaron.<\/p>\n<p>&nbsp;<\/p>\n<p>En el comunicado, indicaron que la noticia es algo <em>\u201cmuy grave e importante para todos los trabajadores y trabajadoras olavarrienses que sufren la falta de un techo propio\u201d<\/em>. Denunciaron que en menos de una semana, por pedido del Sindicato de Trabajadores Municipales,<strong><em> \u201cel intendente Galli accedi\u00f3 a la venta de casi cuatro manzanas de terrenos fiscales ubicadas en la zona detr\u00e1s de La M\u00e1xima por 40 millones de pesos\u201d.<\/em><\/strong><\/p>\n<p>&nbsp;<\/p>\n<blockquote><p>El proyecto tomar\u00e1 estado parlamentario, siempre que los concejales lo avalen, en sesi\u00f3n del Concejo Deliberante.<\/p><\/blockquote>\n<p>&nbsp;<\/p>\n<p><strong><em>\u201cDe concretarse esta transacci\u00f3n ser\u00eda un verdadero esc\u00e1ndalo por varios motivos\u201d<\/em><\/strong> reza el comunicado, que expresa 5 puntos: <em>\u201cresulta que s\u00ed hay terrenos para hacer arreglos de mutua conveniencia, enajenando un predio de m\u00e1s de 38.800 m2, zonificado como \u00e1rea urbana complementaria y con acceso a los servicios b\u00e1sicos en los alrededores\u201d.<\/em><\/p>\n<p>&nbsp;<\/p>\n<blockquote><p>El segundo punto es que la venta no tendr\u00e1 ingresos al Municipio \u201cya que la ordenanza autorizar\u00eda a Galli a compensar el precio de venta con las sumas que se adeudan o se deben pagar a futuro al Sindicato en concepto de aportes sindicales y contribuciones jubilatorias\u201d.<\/p><\/blockquote>\n<p>&nbsp;<\/p>\n<p>Uno de los puntos m\u00e1s duros en las cr\u00edticas es que el precio de venta, <strong><em>\u201ces de poco m\u00e1s de $1.000 el metro cuadrado, una suma que se multiplica varias veces (dependiendo de la zona) en los valores de mercado de un terreno cuando las y los trabajadores de la ciudad tenemos capacidad de ahorro para pagarlo\u201d.<\/em><\/strong><\/p>\n<p>&nbsp;<\/p>\n<p>Adem\u00e1s, denunciaron que el sindicato de Trabajadores Municipales <em>\u201cno pretende afectar este predio espec\u00edficamente a la necesidad de vivienda que tienen, como tantos otros trabajadores, los empleados municipales\u201d.<\/em><\/p>\n<p>&nbsp;<\/p>\n<p>Finalmente, <em>\u201cGalli y Stuppia, pese a mostrarse enfrentados por la paritaria municipal, quieren cerrar un muy bueno trato y en tiempo r\u00e9cord. Su sociedad para estos fines es contraria al inter\u00e9s general de las y los trabajadores olavarrienses (incluidos los propios municipales) porque implica perder terrenos fiscales que se destinen a reducir el d\u00e9ficit habitacional\u201d.<\/em><\/p>\n<p>&nbsp;<\/p>\n<p>Desde el Partido Obrero, para finalizar, pidieron que esas cuatro manzanas <em>\u201ctengan un destino exclusivamente habitacional para aquellas y aquellos que hoy se encuentren alquilando, sin poder acceder a una propiedad al valor de mercado y quieran construir una vivienda \u00fanica familiar\u201d.<\/em><\/p>\n","protected":false},"excerpt":{"rendered":"<p>Se\u00f1alaron que la venta se concret\u00f3 \u201cen menos de una semana\u201d de terrenos en la zona detr\u00e1s de La M\u00e1xima<\/p>\n","protected":false},"author":2,"featured_media":7516,"comment_status":"closed","ping_status":"closed","sticky":false,"template":"","format":"standard","meta":{"_jetpack_memberships_contains_paid_content":false,"footnotes":""},"categories":[4,1],"tags":[],"class_list":["post-7513","post","type-post","status-publish","format-standard","has-post-thumbnail","hentry","category-politica","category-portada"],"jetpack_featured_media_url":"https:\/\/i0.wp.com\/cdnoticias.com\/wp-content\/uploads\/2020\/11\/ordenanza-municipales.jpg?fit=1103%2C638&ssl=1","jetpack_sharing_enabled":true,"_links":{"self":[{"href":"https:\/\/cdnoticias.com\/index.php\/wp-json\/wp\/v2\/posts\/7513","targetHints":{"allow":["GET"]}}],"collection":[{"href":"https:\/\/cdnoticias.com\/index.php\/wp-json\/wp\/v2\/posts"}],"about":[{"href":"https:\/\/cdnoticias.com\/index.php\/wp-json\/wp\/v2\/types\/post"}],"author":[{"embeddable":true,"href":"https:\/\/cdnoticias.com\/index.php\/wp-json\/wp\/v2\/users\/2"}],"replies":[{"embeddable":true,"href":"https:\/\/cdnoticias.com\/index.php\/wp-json\/wp\/v2\/comments?post=7513"}],"version-history":[{"count":0,"href":"https:\/\/cdnoticias.com\/index.php\/wp-json\/wp\/v2\/posts\/7513\/revisions"}],"wp:featuredmedia":[{"embeddable":true,"href":"https:\/\/cdnoticias.com\/index.php\/wp-json\/wp\/v2\/media\/7516"}],"wp:attachment":[{"href":"https:\/\/cdnoticias.com\/index.php\/wp-json\/wp\/v2\/media?parent=7513"}],"wp:term":[{"taxonomy":"category","embeddable":true,"href":"https:\/\/cdnoticias.com\/index.php\/wp-json\/wp\/v2\/categories?post=7513"},{"taxonomy":"post_tag","embeddable":true,"href":"https:\/\/cdnoticias.com\/index.php\/wp-json\/wp\/v2\/tags?post=7513"}],"curies":[{"name":"wp","href":"https:\/\/api.w.org\/{rel}","templated":true}]}}