{"id":75112,"date":"2023-01-19T20:10:46","date_gmt":"2023-01-19T23:10:46","guid":{"rendered":"https:\/\/www.centraldenoticias.com.ar\/?p=75112"},"modified":"2023-01-20T08:40:04","modified_gmt":"2023-01-20T11:40:04","slug":"uno-de-los-heridos-en-el-choque-de-fortabat-y-ruta-51-se-encuentra-grave","status":"publish","type":"post","link":"https:\/\/cdnoticias.com\/index.php\/2023\/01\/19\/uno-de-los-heridos-en-el-choque-de-fortabat-y-ruta-51-se-encuentra-grave\/","title":{"rendered":"Uno de los heridos en el choque de Fortabat y Ruta 51 se encuentra grave"},"content":{"rendered":"<p>As\u00ed fue informado por autoridades de salud en la tarde del jueves. Sufri\u00f3 un trauma de t\u00f3rax cerrado.<!--more--><\/p>\n<hr \/>\n<p>Luego del<a href=\"https:\/\/cdnoticias.com\/index.php\/2023\/01\/19\/violento-accidente-en-ruta-51-y-autopista-fortabat-tres-heridos\/\" target=\"_blank\" rel=\"noopener\"> violento siniestro vial en el cruce seguro de Autopista Luciano Fortabat y ruta 51<\/a>, <strong>uno de los ocupantes de la camioneta que impact\u00f3 contra el acoplado de un cami\u00f3n que ingresaba a la ciudad se encuentra en grave estado por un trauma de t\u00f3rax cerrado.<\/strong><\/p>\n<p>&nbsp;<\/p>\n<p>Cabe recordar que el accidente se produjo en horas del mediod\u00eda cuando <strong>un cami\u00f3n, que circulaba desde Loma Negra hacia la ciudad, intent\u00f3 ingresar por el cruce seguro de Autopista Fortabat y una Chevrolet S10 que circulaba sobre la ruta hacia Loma Negra no pudo evitarla, impactando de lleno en el acoplado<\/strong> del veh\u00edculo de mayor porte.<\/p>\n<p>&nbsp;<\/p>\n<p>Los tres ocupantes fueron trasladados al Hospital Municipal, y si bien en un principio se inform\u00f3 que las heridas ser\u00edan de car\u00e1cter leve, <strong>esta tarde se actualiz\u00f3 el parte m\u00e9dico y el traumatismo de t\u00f3rax que recibi\u00f3 uno de los j\u00f3venes es \u201cgrave\u201d y se mantiene en la sala de cuidados intensivos del centro de salud municipal.<\/strong><\/p>\n<p>&nbsp;<\/p>\n<p>Las otras dos personas se recuperan favorablemente e incluso fueron dados de alta horas despu\u00e9s del siniestro vial.<\/p>\n","protected":false},"excerpt":{"rendered":"<p>As\u00ed fue informado por autoridades de salud en la tarde del jueves. Sufri\u00f3 un trauma de t\u00f3rax cerrado.<\/p>\n","protected":false},"author":2,"featured_media":75099,"comment_status":"closed","ping_status":"closed","sticky":false,"template":"","format":"standard","meta":{"_jetpack_memberships_contains_paid_content":false,"footnotes":""},"categories":[14],"tags":[],"class_list":["post-75112","post","type-post","status-publish","format-standard","has-post-thumbnail","hentry","category-policiales"],"jetpack_featured_media_url":"https:\/\/i0.wp.com\/cdnoticias.com\/wp-content\/uploads\/2023\/01\/accidente-ruta51-fortabat-02.jpg?fit=1600%2C890&ssl=1","jetpack_sharing_enabled":true,"_links":{"self":[{"href":"https:\/\/cdnoticias.com\/index.php\/wp-json\/wp\/v2\/posts\/75112","targetHints":{"allow":["GET"]}}],"collection":[{"href":"https:\/\/cdnoticias.com\/index.php\/wp-json\/wp\/v2\/posts"}],"about":[{"href":"https:\/\/cdnoticias.com\/index.php\/wp-json\/wp\/v2\/types\/post"}],"author":[{"embeddable":true,"href":"https:\/\/cdnoticias.com\/index.php\/wp-json\/wp\/v2\/users\/2"}],"replies":[{"embeddable":true,"href":"https:\/\/cdnoticias.com\/index.php\/wp-json\/wp\/v2\/comments?post=75112"}],"version-history":[{"count":0,"href":"https:\/\/cdnoticias.com\/index.php\/wp-json\/wp\/v2\/posts\/75112\/revisions"}],"wp:featuredmedia":[{"embeddable":true,"href":"https:\/\/cdnoticias.com\/index.php\/wp-json\/wp\/v2\/media\/75099"}],"wp:attachment":[{"href":"https:\/\/cdnoticias.com\/index.php\/wp-json\/wp\/v2\/media?parent=75112"}],"wp:term":[{"taxonomy":"category","embeddable":true,"href":"https:\/\/cdnoticias.com\/index.php\/wp-json\/wp\/v2\/categories?post=75112"},{"taxonomy":"post_tag","embeddable":true,"href":"https:\/\/cdnoticias.com\/index.php\/wp-json\/wp\/v2\/tags?post=75112"}],"curies":[{"name":"wp","href":"https:\/\/api.w.org\/{rel}","templated":true}]}}