{"id":75108,"date":"2023-01-19T19:27:25","date_gmt":"2023-01-19T22:27:25","guid":{"rendered":"https:\/\/www.centraldenoticias.com.ar\/?p=75108"},"modified":"2023-01-19T20:10:54","modified_gmt":"2023-01-19T23:10:54","slug":"un-poco-de-alivio-en-el-infierno-se-vienen-las-lluvias-y-baja-la-temperatura","status":"publish","type":"post","link":"https:\/\/cdnoticias.com\/index.php\/2023\/01\/19\/un-poco-de-alivio-en-el-infierno-se-vienen-las-lluvias-y-baja-la-temperatura\/","title":{"rendered":"Un poco de alivio en el infierno: se vienen las lluvias y baja la temperatura"},"content":{"rendered":"<p>De todos modos rige una alerta amarilla por tormentas para todo el viernes. La m\u00e1xima ser\u00e1 de 25 grados, una temperatura de las m\u00e1s bajas de los \u00faltimos d\u00edas. <!--more--><\/p>\n<hr \/>\n<p>En un<strong> jueves agobiante de poco m\u00e1s de 33 grados<\/strong>, el alivio llega con<strong> alerta pero con baja de temperatura: rige una alerta meteorol\u00f3gica para Olavarr\u00eda por fuertes tormentas y una m\u00e1xima de 25 grados, de lo m\u00e1s bajo de los \u00faltimos d\u00edas.<\/strong><\/p>\n<p>&nbsp;<\/p>\n<p>As\u00ed lo establece el Servicio Meteorol\u00f3gico Nacional, que dio cuenta de la alerta para Olavarr\u00eda, La Madrid, Laprida y una decena de ciudades de la regi\u00f3n: <strong><em>\u201clas \u00e1reas ser\u00e1n afectadas por tormentas, algunas localmente fuertes. Las mismas estar\u00e1n acompa\u00f1adas de intensas r\u00e1fagas, ocasional ca\u00edda de granizo, fuerte actividad el\u00e9ctrica y abundante ca\u00edda de agua en cortos per\u00edodos\u201d<\/em> <\/strong>indicaron.<\/p>\n<p>&nbsp;<\/p>\n<p>Se esperan, en este sentido,<strong><em> \u201cvalores de precipitaci\u00f3n acumulada entre 20 y 45 mm, pudiendo ser superados en forma puntual\u201d.<\/em><\/strong><\/p>\n<p>&nbsp;<\/p>\n<p>La buena noticia es que <strong>la temperatura bajar\u00e1, con una m\u00e1xima de 25 grados y una m\u00ednima de 18.<\/strong> De todas maneras, se prev\u00e9 que sea algo temporal, dado que<strong> el fin de semana nuevamente se acerca a los 30 de m\u00e1xima, algo que en este enero estuvimos bastante m\u00e1s habituados.<\/strong><\/p>\n","protected":false},"excerpt":{"rendered":"<p>De todos modos rige una alerta amarilla por tormentas para todo el viernes. La m\u00e1xima ser\u00e1 de 25 grados, una<\/p>\n","protected":false},"author":2,"featured_media":32248,"comment_status":"closed","ping_status":"closed","sticky":false,"template":"","format":"standard","meta":{"_jetpack_memberships_contains_paid_content":false,"footnotes":""},"categories":[5,1],"tags":[],"class_list":["post-75108","post","type-post","status-publish","format-standard","has-post-thumbnail","hentry","category-informacion-general","category-portada"],"jetpack_featured_media_url":"https:\/\/i0.wp.com\/cdnoticias.com\/wp-content\/uploads\/2021\/09\/lluvia-02.jpg?fit=800%2C445&ssl=1","jetpack_sharing_enabled":true,"_links":{"self":[{"href":"https:\/\/cdnoticias.com\/index.php\/wp-json\/wp\/v2\/posts\/75108","targetHints":{"allow":["GET"]}}],"collection":[{"href":"https:\/\/cdnoticias.com\/index.php\/wp-json\/wp\/v2\/posts"}],"about":[{"href":"https:\/\/cdnoticias.com\/index.php\/wp-json\/wp\/v2\/types\/post"}],"author":[{"embeddable":true,"href":"https:\/\/cdnoticias.com\/index.php\/wp-json\/wp\/v2\/users\/2"}],"replies":[{"embeddable":true,"href":"https:\/\/cdnoticias.com\/index.php\/wp-json\/wp\/v2\/comments?post=75108"}],"version-history":[{"count":0,"href":"https:\/\/cdnoticias.com\/index.php\/wp-json\/wp\/v2\/posts\/75108\/revisions"}],"wp:featuredmedia":[{"embeddable":true,"href":"https:\/\/cdnoticias.com\/index.php\/wp-json\/wp\/v2\/media\/32248"}],"wp:attachment":[{"href":"https:\/\/cdnoticias.com\/index.php\/wp-json\/wp\/v2\/media?parent=75108"}],"wp:term":[{"taxonomy":"category","embeddable":true,"href":"https:\/\/cdnoticias.com\/index.php\/wp-json\/wp\/v2\/categories?post=75108"},{"taxonomy":"post_tag","embeddable":true,"href":"https:\/\/cdnoticias.com\/index.php\/wp-json\/wp\/v2\/tags?post=75108"}],"curies":[{"name":"wp","href":"https:\/\/api.w.org\/{rel}","templated":true}]}}