{"id":75106,"date":"2023-01-19T17:27:47","date_gmt":"2023-01-19T20:27:47","guid":{"rendered":"https:\/\/www.centraldenoticias.com.ar\/?p=75106"},"modified":"2023-01-19T19:27:37","modified_gmt":"2023-01-19T22:27:37","slug":"un-herido-en-una-violenta-pelea-de-internos-en-la-unidad-n27-de-sierra-chica","status":"publish","type":"post","link":"https:\/\/cdnoticias.com\/index.php\/2023\/01\/19\/un-herido-en-una-violenta-pelea-de-internos-en-la-unidad-n27-de-sierra-chica\/","title":{"rendered":"Un herido en una violenta pelea de internos en la Unidad N\u00b027 de Sierra Chica"},"content":{"rendered":"<p>Fue trasladado al Hospital con un corte de un arma blanca \u201ctumbera\u201d. Fue en una pelea donde participaron alrededor de 15 personas, que fue r\u00e1pidamente desactivada por personal penitenciario.<!--more--><\/p>\n<hr \/>\n<p>Este jueves por la ma\u00f1ana, y<strong> tras una violenta pelea en la Unidad N\u00b027 de Sierra Chica, un interno fue trasladado al Hospital Municipal por una herida que le gener\u00f3 dicha ri\u00f1a<\/strong>, en la que se vieron involucrados alrededor de 15 personas.<\/p>\n<p>&nbsp;<\/p>\n<p>Seg\u00fan logr\u00f3 saber <strong>Central de Noticias<\/strong>, la pelea comenz\u00f3<strong> entre internos del pabell\u00f3n 1 y el 3 de la Unidad, donde hubo ataques con armas blancas \u201ctumberas\u201d<\/strong> que se suelen observar en este tipo de \u00e1mbitos.<\/p>\n<p>&nbsp;<\/p>\n<p>R\u00e1pidamente,<strong> personal del Servicio Penitenciario Bonaerense trabajaron con disparos de armas de estruendo para disipar la pelea y, con intervenci\u00f3n de personal de las dem\u00e1s unidades, controlar totalmente la situaci\u00f3n.<\/strong><\/p>\n<p>&nbsp;<\/p>\n<blockquote><p>La persona que m\u00e1s herida result\u00f3 del hecho fue trasladada al Hospital Municipal \u201cH\u00e9ctor Cura\u201d donde recibi\u00f3 las curaciones pertinentes.<\/p><\/blockquote>\n<p>&nbsp;<\/p>\n<p>Los dem\u00e1s part\u00edcipes de la pelea \u2013alrededor de otros 15 internos- <strong>fueron trasladados tanto a la Unidad N\u00b0 2 como la Unidad N\u00b038 para evitar nuevos enfrentamientos.<\/strong><\/p>\n","protected":false},"excerpt":{"rendered":"<p>Fue trasladado al Hospital con un corte de un arma blanca \u201ctumbera\u201d. Fue en una pelea donde participaron alrededor de<\/p>\n","protected":false},"author":2,"featured_media":10557,"comment_status":"closed","ping_status":"closed","sticky":false,"template":"","format":"standard","meta":{"_jetpack_memberships_contains_paid_content":false,"footnotes":""},"categories":[14,1],"tags":[],"class_list":["post-75106","post","type-post","status-publish","format-standard","has-post-thumbnail","hentry","category-policiales","category-portada"],"jetpack_featured_media_url":"https:\/\/i0.wp.com\/cdnoticias.com\/wp-content\/uploads\/2021\/01\/unidad-27-sierra-chica.jpg?fit=735%2C462&ssl=1","jetpack_sharing_enabled":true,"_links":{"self":[{"href":"https:\/\/cdnoticias.com\/index.php\/wp-json\/wp\/v2\/posts\/75106","targetHints":{"allow":["GET"]}}],"collection":[{"href":"https:\/\/cdnoticias.com\/index.php\/wp-json\/wp\/v2\/posts"}],"about":[{"href":"https:\/\/cdnoticias.com\/index.php\/wp-json\/wp\/v2\/types\/post"}],"author":[{"embeddable":true,"href":"https:\/\/cdnoticias.com\/index.php\/wp-json\/wp\/v2\/users\/2"}],"replies":[{"embeddable":true,"href":"https:\/\/cdnoticias.com\/index.php\/wp-json\/wp\/v2\/comments?post=75106"}],"version-history":[{"count":0,"href":"https:\/\/cdnoticias.com\/index.php\/wp-json\/wp\/v2\/posts\/75106\/revisions"}],"wp:featuredmedia":[{"embeddable":true,"href":"https:\/\/cdnoticias.com\/index.php\/wp-json\/wp\/v2\/media\/10557"}],"wp:attachment":[{"href":"https:\/\/cdnoticias.com\/index.php\/wp-json\/wp\/v2\/media?parent=75106"}],"wp:term":[{"taxonomy":"category","embeddable":true,"href":"https:\/\/cdnoticias.com\/index.php\/wp-json\/wp\/v2\/categories?post=75106"},{"taxonomy":"post_tag","embeddable":true,"href":"https:\/\/cdnoticias.com\/index.php\/wp-json\/wp\/v2\/tags?post=75106"}],"curies":[{"name":"wp","href":"https:\/\/api.w.org\/{rel}","templated":true}]}}