{"id":75091,"date":"2023-01-19T18:29:18","date_gmt":"2023-01-19T21:29:18","guid":{"rendered":"https:\/\/www.centraldenoticias.com.ar\/?p=75091"},"modified":"2023-01-19T18:29:18","modified_gmt":"2023-01-19T21:29:18","slug":"cambio-de-horarios-en-licencias-de-conducir-sera-hasta-el-31-de-marzo","status":"publish","type":"post","link":"https:\/\/cdnoticias.com\/index.php\/2023\/01\/19\/cambio-de-horarios-en-licencias-de-conducir-sera-hasta-el-31-de-marzo\/","title":{"rendered":"Cambio de horarios en Licencias de Conducir: ser\u00e1 hasta el 31 de marzo"},"content":{"rendered":"<p>Ser\u00e1 de 7 a 14:30 durante los meses de verano. Los turnos reservados con anterioridad despu\u00e9s de ese horario, ser\u00e1n reprogramados.<!--more--><\/p>\n<hr \/>\n<p>La Direcci\u00f3n de Licencias de Conducir del Gobierno Municipal inform\u00f3 que desde el pr\u00f3ximo lunes 23 de enero el<strong> horario de atenci\u00f3n ser\u00e1 de 7 a 14.30 horas.<\/strong><\/p>\n<p>&nbsp;<\/p>\n<p>En este sentido, desde el \u00e1rea indicaron que este nuevo horario <strong>se mantendr\u00e1 as\u00ed hasta el 31 de marzo<\/strong> del corriente a\u00f1o.<\/p>\n<p>&nbsp;<\/p>\n<p>\u201cDecidimos cambiar el horario por estos meses de verano para que los vecinos puedan terminar m\u00e1s temprano el tr\u00e1mite de la licencia\u201d, dijo el Director de Licencias de Conducir Leandro Lanceta.<\/p>\n<p>&nbsp;<\/p>\n<blockquote><p>Adem\u00e1s, Lanceta explic\u00f3 que \u201ca los vecinos que ten\u00edan el turno despu\u00e9s de las 14.30 horas se les reprogramar\u00e1 el mismo para que la nueva disposici\u00f3n no los perjudique\u201d.<\/p><\/blockquote>\n<p>&nbsp;<\/p>\n<p>Cabe recordar que desde el mes de septiembre de 2022 se ampli\u00f3 el horario de atenci\u00f3n y se incorporaron cien turnos semanales que permitieron dar respuesta a la demanda de los vecinos de Olavarr\u00eda.<\/p>\n","protected":false},"excerpt":{"rendered":"<p>Ser\u00e1 de 7 a 14:30 durante los meses de verano. Los turnos reservados con anterioridad despu\u00e9s de ese horario, ser\u00e1n<\/p>\n","protected":false},"author":5,"featured_media":45235,"comment_status":"closed","ping_status":"closed","sticky":false,"template":"","format":"standard","meta":{"_jetpack_memberships_contains_paid_content":false,"footnotes":""},"categories":[5,1],"tags":[],"class_list":["post-75091","post","type-post","status-publish","format-standard","has-post-thumbnail","hentry","category-informacion-general","category-portada"],"jetpack_featured_media_url":"https:\/\/i0.wp.com\/cdnoticias.com\/wp-content\/uploads\/2022\/01\/Licencias-Conducir-1024x682-1.jpeg?fit=1024%2C682&ssl=1","jetpack_sharing_enabled":true,"_links":{"self":[{"href":"https:\/\/cdnoticias.com\/index.php\/wp-json\/wp\/v2\/posts\/75091","targetHints":{"allow":["GET"]}}],"collection":[{"href":"https:\/\/cdnoticias.com\/index.php\/wp-json\/wp\/v2\/posts"}],"about":[{"href":"https:\/\/cdnoticias.com\/index.php\/wp-json\/wp\/v2\/types\/post"}],"author":[{"embeddable":true,"href":"https:\/\/cdnoticias.com\/index.php\/wp-json\/wp\/v2\/users\/5"}],"replies":[{"embeddable":true,"href":"https:\/\/cdnoticias.com\/index.php\/wp-json\/wp\/v2\/comments?post=75091"}],"version-history":[{"count":0,"href":"https:\/\/cdnoticias.com\/index.php\/wp-json\/wp\/v2\/posts\/75091\/revisions"}],"wp:featuredmedia":[{"embeddable":true,"href":"https:\/\/cdnoticias.com\/index.php\/wp-json\/wp\/v2\/media\/45235"}],"wp:attachment":[{"href":"https:\/\/cdnoticias.com\/index.php\/wp-json\/wp\/v2\/media?parent=75091"}],"wp:term":[{"taxonomy":"category","embeddable":true,"href":"https:\/\/cdnoticias.com\/index.php\/wp-json\/wp\/v2\/categories?post=75091"},{"taxonomy":"post_tag","embeddable":true,"href":"https:\/\/cdnoticias.com\/index.php\/wp-json\/wp\/v2\/tags?post=75091"}],"curies":[{"name":"wp","href":"https:\/\/api.w.org\/{rel}","templated":true}]}}