{"id":75086,"date":"2023-01-19T16:38:44","date_gmt":"2023-01-19T19:38:44","guid":{"rendered":"https:\/\/www.centraldenoticias.com.ar\/?p=75086"},"modified":"2023-01-19T17:28:08","modified_gmt":"2023-01-19T20:28:08","slug":"tuvi-nunca-nos-quedamos-en-el-problema-siempre-tratamos-de-solucionarlo","status":"publish","type":"post","link":"https:\/\/cdnoticias.com\/index.php\/2023\/01\/19\/tuvi-nunca-nos-quedamos-en-el-problema-siempre-tratamos-de-solucionarlo\/","title":{"rendered":"TUVI: \u201cNunca nos quedamos en el problema, siempre tratamos de solucionarlo\u201d"},"content":{"rendered":"<p>El Intendente reconoci\u00f3 \u201cerrores\u201d del programa, habl\u00f3 de la continuidad del plan y los cambios que tendr\u00e1. Hizo referencia a la construcci\u00f3n de las industrializadas: \u201ccuando se entreguen las viviendas los vecinos van a estar contentos\u201d.<!--more--><\/p>\n<hr \/>\n<p>Luego de la entrega de las <a href=\"https:\/\/cdnoticias.com\/index.php\/2023\/01\/19\/nunca-vamos-a-chicanear-con-una-vivienda-de-una-familia\/\" target=\"_blank\" rel=\"noopener\">20 viviendas de construcci\u00f3n tradicional del programa TUVI<\/a>, el intendente Ezequiel Galli dialog\u00f3 con los medios sobre las caracter\u00edsticas del plan habitacional, su futuro y el estado de situaci\u00f3n de las casas industrializadas.<\/p>\n<p>&nbsp;<\/p>\n<p>Realiz\u00f3 \u201cun balance s\u00faper positivo\u201d ya que <strong>\u201cson veinte familias que van a dejar de pagar alquiler para empezar a pagar la cuota de su propia casa\u201d<\/strong>. Destac\u00f3 que \u201cen este caso es el Municipio que destin\u00f3 fondos para hacer viviendas y que se van a empezar a retroalimentar con el tiempo\u201d.<\/p>\n<p>&nbsp;<\/p>\n<p>Confirm\u00f3 que se va a realizar una <strong>segunda etapa<\/strong> en la cual \u201cestamos definiendo el sistema de construcci\u00f3n, evaluando alternativas\u201d y las nuevas casas \u201cvan a estar ubicadas justo enfrente, del otro lado de la plaza\u201d. Adem\u00e1s, \u201cest\u00e1n en el Presupuesto 2023, as\u00ed que e<strong>n los pr\u00f3ximos meses ya se van a licitar y en el transcurso de este a\u00f1o se van a comenzar a construir<\/strong>\u201d.<\/p>\n<p>&nbsp;<\/p>\n<p><img data-recalc-dims=\"1\" loading=\"lazy\" decoding=\"async\" class=\"aligncenter size-full wp-image-75071\" src=\"https:\/\/i0.wp.com\/cdnoticias.com\/wp-content\/uploads\/2023\/01\/TUVI-tradicionales-07-scaled.jpg?resize=800%2C445&#038;ssl=1\" alt=\"\" width=\"800\" height=\"445\" srcset=\"https:\/\/i0.wp.com\/cdnoticias.com\/wp-content\/uploads\/2023\/01\/TUVI-tradicionales-07-scaled.jpg?w=2560&amp;ssl=1 2560w, https:\/\/i0.wp.com\/cdnoticias.com\/wp-content\/uploads\/2023\/01\/TUVI-tradicionales-07-scaled.jpg?resize=300%2C167&amp;ssl=1 300w, https:\/\/i0.wp.com\/cdnoticias.com\/wp-content\/uploads\/2023\/01\/TUVI-tradicionales-07-scaled.jpg?resize=1024%2C570&amp;ssl=1 1024w, https:\/\/i0.wp.com\/cdnoticias.com\/wp-content\/uploads\/2023\/01\/TUVI-tradicionales-07-scaled.jpg?resize=768%2C427&amp;ssl=1 768w, https:\/\/i0.wp.com\/cdnoticias.com\/wp-content\/uploads\/2023\/01\/TUVI-tradicionales-07-scaled.jpg?resize=1536%2C855&amp;ssl=1 1536w, https:\/\/i0.wp.com\/cdnoticias.com\/wp-content\/uploads\/2023\/01\/TUVI-tradicionales-07-scaled.jpg?resize=2048%2C1139&amp;ssl=1 2048w, https:\/\/i0.wp.com\/cdnoticias.com\/wp-content\/uploads\/2023\/01\/TUVI-tradicionales-07-scaled.jpg?resize=800%2C445&amp;ssl=1 800w, https:\/\/i0.wp.com\/cdnoticias.com\/wp-content\/uploads\/2023\/01\/TUVI-tradicionales-07-scaled.jpg?w=1600&amp;ssl=1 1600w, https:\/\/i0.wp.com\/cdnoticias.com\/wp-content\/uploads\/2023\/01\/TUVI-tradicionales-07-scaled.jpg?w=2400&amp;ssl=1 2400w\" sizes=\"auto, (max-width: 800px) 100vw, 800px\" \/><\/p>\n<p>&nbsp;<\/p>\n<p>Admiti\u00f3 que al ser el primer programa de viviendas municipal \u201cse cometieron errores, se fueron modificando y buscamos las alternativas para resolver los problemas. Nunca nos quedamos en el problema, siempre tratamos de solucionarlo\u201d. Es as\u00ed que, <strong>\u201cvamos a construir las viviendas y una vez que est\u00e9n terminadas, ah\u00ed vamos a licitar la propiedad de cada una\u201d.<\/strong><\/p>\n<p>&nbsp;<\/p>\n<p>Este cambio se tom\u00f3 \u201cpor todo lo que estuvo pasando con este programa, hubo retrasos obviamente por inflaci\u00f3n, por falta de materiales, por lluvia, por un mont\u00f3n de temas. Y ni hablar con las industrializadas\u201d.<\/p>\n<p>&nbsp;<\/p>\n<p><img data-recalc-dims=\"1\" loading=\"lazy\" decoding=\"async\" class=\"aligncenter size-full wp-image-75081\" src=\"https:\/\/i0.wp.com\/cdnoticias.com\/wp-content\/uploads\/2023\/01\/TUVI-tradicionales-17-scaled.jpg?resize=800%2C445&#038;ssl=1\" alt=\"\" width=\"800\" height=\"445\" srcset=\"https:\/\/i0.wp.com\/cdnoticias.com\/wp-content\/uploads\/2023\/01\/TUVI-tradicionales-17-scaled.jpg?w=2560&amp;ssl=1 2560w, https:\/\/i0.wp.com\/cdnoticias.com\/wp-content\/uploads\/2023\/01\/TUVI-tradicionales-17-scaled.jpg?resize=300%2C167&amp;ssl=1 300w, https:\/\/i0.wp.com\/cdnoticias.com\/wp-content\/uploads\/2023\/01\/TUVI-tradicionales-17-scaled.jpg?resize=1024%2C569&amp;ssl=1 1024w, https:\/\/i0.wp.com\/cdnoticias.com\/wp-content\/uploads\/2023\/01\/TUVI-tradicionales-17-scaled.jpg?resize=768%2C427&amp;ssl=1 768w, https:\/\/i0.wp.com\/cdnoticias.com\/wp-content\/uploads\/2023\/01\/TUVI-tradicionales-17-scaled.jpg?resize=1536%2C854&amp;ssl=1 1536w, https:\/\/i0.wp.com\/cdnoticias.com\/wp-content\/uploads\/2023\/01\/TUVI-tradicionales-17-scaled.jpg?resize=2048%2C1139&amp;ssl=1 2048w, https:\/\/i0.wp.com\/cdnoticias.com\/wp-content\/uploads\/2023\/01\/TUVI-tradicionales-17-scaled.jpg?resize=800%2C445&amp;ssl=1 800w, https:\/\/i0.wp.com\/cdnoticias.com\/wp-content\/uploads\/2023\/01\/TUVI-tradicionales-17-scaled.jpg?w=1600&amp;ssl=1 1600w, https:\/\/i0.wp.com\/cdnoticias.com\/wp-content\/uploads\/2023\/01\/TUVI-tradicionales-17-scaled.jpg?w=2400&amp;ssl=1 2400w\" sizes=\"auto, (max-width: 800px) 100vw, 800px\" \/><\/p>\n<p>&nbsp;<\/p>\n<p><strong>TUVI Industrializadas: \u201cEst\u00e1n solucionado las fallas de construcci\u00f3n\u201d<\/strong><\/p>\n<p>&nbsp;<\/p>\n<p>Consultado respecto a la situaci\u00f3n de las viviendas industrializadas y a d\u00edas de un <a href=\"https:\/\/cdnoticias.com\/index.php\/2023\/01\/17\/tuvi-industrializadas-en-una-tensa-reunion-habra-recorrida-por-la-obra-este-sabado\/\" target=\"_blank\" rel=\"noopener\">recorrido por la obra con adjudicatarios,<\/a> Galli se\u00f1al\u00f3 que <strong>\u201chay mucha ansiedad, mucho nerviosismo por parte de ellos y es entendible\u201d.<\/strong><\/p>\n<p>&nbsp;<\/p>\n<p>En cuanto a la obra se\u00f1al\u00f3 que \u201clo que hicimos fue trabajar para solucionar el problema, hoy la empresa est\u00e1 trabajando, <strong>est\u00e1n solucionando las fallas de construcci\u00f3n que se hab\u00edan detectado<\/strong>\u201d y \u201cpara junio es la idea que est\u00e9n terminadas, seguramente ser\u00e1 julio\/agosto porque viene el invierno y todas las obras tienen una extensi\u00f3n en los plazos. Pasa que particularmente con una es como que hubo un ensa\u00f1amiento para tratar de lograr que todo sea un desastre\u201d.<\/p>\n<p>&nbsp;<\/p>\n<blockquote><p>\u201cCuando se entreguen las viviendas los vecinos van a estar contentos, por el valor que van a pagar esa vivienda hoy no compr\u00e1s ni siquiera la mitad de un lote\u201d.<\/p><\/blockquote>\n<p>&nbsp;<\/p>\n<p>Por \u00faltimo, afirm\u00f3 que \u201cva a ser un plan muy beneficioso para los vecinos, van a pagar una cuota muy accesible y <strong>no tengo dudas que una vez que se entreguen y est\u00e9n viviendo ah\u00ed, va a cambiar todo.<\/strong> El programa va a continuar en los pr\u00f3ximos a\u00f1os porque estamos convencidos de que el Municipio puede hacerse cargo de aunque sea una peque\u00f1a parte del problema de la demanda habitacional\u201d.<\/p>\n<p>&nbsp;<\/p>\n<blockquote class=\"wp-embedded-content\" data-secret=\"cAPEEYlrff\"><p><a href=\"https:\/\/cdnoticias.com\/index.php\/2023\/01\/19\/nunca-vamos-a-chicanear-con-una-vivienda-de-una-familia\/\">\u201cNunca vamos a chicanear con una vivienda de una familia\u201d<\/a><\/p><\/blockquote>\n<p><iframe loading=\"lazy\" class=\"wp-embedded-content\" sandbox=\"allow-scripts\" security=\"restricted\" style=\"position: absolute; clip: rect(1px, 1px, 1px, 1px);\" title=\"&#8220;\u201cNunca vamos a chicanear con una vivienda de una familia\u201d&#8221; &#8212; Central de Noticias | Olavarr\u00eda\" src=\"https:\/\/cdnoticias.com\/index.php\/2023\/01\/19\/nunca-vamos-a-chicanear-con-una-vivienda-de-una-familia\/embed\/#?secret=k3wjiBZ7NN#?secret=cAPEEYlrff\" data-secret=\"cAPEEYlrff\" width=\"600\" height=\"338\" frameborder=\"0\" marginwidth=\"0\" marginheight=\"0\" scrolling=\"no\"><\/iframe><\/p>\n<p>&nbsp;<\/p>\n","protected":false},"excerpt":{"rendered":"<p>El Intendente reconoci\u00f3 \u201cerrores\u201d del programa, habl\u00f3 de la continuidad del plan y los cambios que tendr\u00e1. Hizo referencia a<\/p>\n","protected":false},"author":5,"featured_media":75082,"comment_status":"closed","ping_status":"closed","sticky":false,"template":"","format":"standard","meta":{"_jetpack_memberships_contains_paid_content":false,"footnotes":""},"categories":[5,1],"tags":[],"class_list":["post-75086","post","type-post","status-publish","format-standard","has-post-thumbnail","hentry","category-informacion-general","category-portada"],"jetpack_featured_media_url":"https:\/\/i0.wp.com\/cdnoticias.com\/wp-content\/uploads\/2023\/01\/TUVI-tradicionales-18-scaled.jpg?fit=2560%2C1424&ssl=1","jetpack_sharing_enabled":true,"_links":{"self":[{"href":"https:\/\/cdnoticias.com\/index.php\/wp-json\/wp\/v2\/posts\/75086","targetHints":{"allow":["GET"]}}],"collection":[{"href":"https:\/\/cdnoticias.com\/index.php\/wp-json\/wp\/v2\/posts"}],"about":[{"href":"https:\/\/cdnoticias.com\/index.php\/wp-json\/wp\/v2\/types\/post"}],"author":[{"embeddable":true,"href":"https:\/\/cdnoticias.com\/index.php\/wp-json\/wp\/v2\/users\/5"}],"replies":[{"embeddable":true,"href":"https:\/\/cdnoticias.com\/index.php\/wp-json\/wp\/v2\/comments?post=75086"}],"version-history":[{"count":0,"href":"https:\/\/cdnoticias.com\/index.php\/wp-json\/wp\/v2\/posts\/75086\/revisions"}],"wp:featuredmedia":[{"embeddable":true,"href":"https:\/\/cdnoticias.com\/index.php\/wp-json\/wp\/v2\/media\/75082"}],"wp:attachment":[{"href":"https:\/\/cdnoticias.com\/index.php\/wp-json\/wp\/v2\/media?parent=75086"}],"wp:term":[{"taxonomy":"category","embeddable":true,"href":"https:\/\/cdnoticias.com\/index.php\/wp-json\/wp\/v2\/categories?post=75086"},{"taxonomy":"post_tag","embeddable":true,"href":"https:\/\/cdnoticias.com\/index.php\/wp-json\/wp\/v2\/tags?post=75086"}],"curies":[{"name":"wp","href":"https:\/\/api.w.org\/{rel}","templated":true}]}}