{"id":75083,"date":"2023-01-19T12:12:20","date_gmt":"2023-01-19T15:12:20","guid":{"rendered":"https:\/\/www.centraldenoticias.com.ar\/?p=75083"},"modified":"2023-01-19T14:08:13","modified_gmt":"2023-01-19T17:08:13","slug":"nunca-vamos-a-chicanear-con-una-vivienda-de-una-familia","status":"publish","type":"post","link":"https:\/\/cdnoticias.com\/index.php\/2023\/01\/19\/nunca-vamos-a-chicanear-con-una-vivienda-de-una-familia\/","title":{"rendered":"\u201cNunca vamos a chicanear con una vivienda de una familia\u201d"},"content":{"rendered":"<p>Lo dijo Ezequiel Galli en el acto de entrega de las primeras casas del Plan TUVI de construcci\u00f3n tradicional en el Pikelado. La emoci\u00f3n de los 20 adjudicatarios y sus familias.<\/p>\n<p><!--more--><\/p>\n<hr \/>\n<p><strong>Este jueves, 20 familias de Olavarr\u00eda recibieron las actas de tenencia y llaves de sus viviendas.<\/strong> Son los adjudicatarios del programa TUVI, las casas son de construcci\u00f3n tradicional y se ubican entre las calles 9 Bis, 56 Bis, Bol\u00edvar y 11 del barrio Pikelado.<\/p>\n<p>&nbsp;<\/p>\n<blockquote><p>El acto fue encabezado por el intendente Ezequiel Galli, quien adem\u00e1s fue el \u00fanico orador. \u201cEstamos solucionando una peque\u00f1\u00edsima parte del problema de la demanda habitacional, y vamos a seguir trabajando por este camino\u201d enfatiz\u00f3 el jefe comunal.<\/p><\/blockquote>\n<p>&nbsp;<\/p>\n<p>A pleno sol, frente a una de las casas sobre 9 Bis se concret\u00f3 el acto en el que los adjudicatarios <strong>recibieron las actas de tenencia y las llaves<\/strong> de las viviendas de manos de Galli.<\/p>\n<p>&nbsp;<\/p>\n<p>[soliloquy id=&#8221;75084&#8243;]<\/p>\n<p>&nbsp;<\/p>\n<p>\u201cDespu\u00e9s de mucho trabajo pudimos llegar a este d\u00eda donde vamos a entregar las 20 viviendas de este plan municipal. <strong>Tuvimos problema y retrasos, siempre tenemos alguna barrera<\/strong>. Pero eso no nos detuvo nos oblig\u00f3 a trabajar m\u00e1s\u201d destac\u00f3 el mandatario para definir que las casas \u201cvan a ser 20 hogares que se van a transformar en 20 familias\u201d.<\/p>\n<p>&nbsp;<\/p>\n<p>Hizo referencia al <strong>crecimiento que ha tenido ese sector de la ciudad<\/strong> con el desarrollo de viviendas desde 2015, cuando inici\u00f3 su primera gesti\u00f3n. \u201cVinimos en 2015 al sector, eran pastos y escombros, 120 viviendas que estaban abandonadas que no se pudieron terminar en muchos a\u00f1os. Lo primero que hicimos fue ir a La Plata a reactivar esa obra y entregamos esas 120 viviendas\u201d record\u00f3 sobre el barrio Pikelado de financiaci\u00f3n y adjudicaci\u00f3n provincial.<\/p>\n<p>&nbsp;<\/p>\n<p><img data-recalc-dims=\"1\" loading=\"lazy\" decoding=\"async\" class=\"size-large wp-image-75066 aligncenter\" src=\"https:\/\/i0.wp.com\/cdnoticias.com\/wp-content\/uploads\/2023\/01\/TUVI-tradicionales-02.jpg?resize=800%2C445&#038;ssl=1\" alt=\"\" width=\"800\" height=\"445\" srcset=\"https:\/\/i0.wp.com\/cdnoticias.com\/wp-content\/uploads\/2023\/01\/TUVI-tradicionales-02-scaled.jpg?resize=1024%2C570&amp;ssl=1 1024w, https:\/\/i0.wp.com\/cdnoticias.com\/wp-content\/uploads\/2023\/01\/TUVI-tradicionales-02-scaled.jpg?resize=300%2C167&amp;ssl=1 300w, https:\/\/i0.wp.com\/cdnoticias.com\/wp-content\/uploads\/2023\/01\/TUVI-tradicionales-02-scaled.jpg?resize=768%2C427&amp;ssl=1 768w, https:\/\/i0.wp.com\/cdnoticias.com\/wp-content\/uploads\/2023\/01\/TUVI-tradicionales-02-scaled.jpg?resize=1536%2C854&amp;ssl=1 1536w, https:\/\/i0.wp.com\/cdnoticias.com\/wp-content\/uploads\/2023\/01\/TUVI-tradicionales-02-scaled.jpg?resize=2048%2C1139&amp;ssl=1 2048w, https:\/\/i0.wp.com\/cdnoticias.com\/wp-content\/uploads\/2023\/01\/TUVI-tradicionales-02-scaled.jpg?resize=800%2C445&amp;ssl=1 800w, https:\/\/i0.wp.com\/cdnoticias.com\/wp-content\/uploads\/2023\/01\/TUVI-tradicionales-02-scaled.jpg?w=1600&amp;ssl=1 1600w, https:\/\/i0.wp.com\/cdnoticias.com\/wp-content\/uploads\/2023\/01\/TUVI-tradicionales-02-scaled.jpg?w=2400&amp;ssl=1 2400w\" sizes=\"auto, (max-width: 800px) 100vw, 800px\" \/><\/p>\n<p>&nbsp;<\/p>\n<p>En contraste, hizo hincapi\u00e9 en que<strong> el Plan TUVI es municipal y en total se proyect\u00f3 la construcci\u00f3n de 40 viviendas<\/strong>, de las que este jueves se entregaron 20 y <a href=\"https:\/\/cdnoticias.com\/index.php\/2023\/01\/17\/tuvi-industrializadas-en-una-tensa-reunion-habra-recorrida-por-la-obra-este-sabado\/\" target=\"_blank\" rel=\"noopener\">las restantes son de construcci\u00f3n industrializada, y a\u00fan est\u00e1n en obra y con conflicto con los adjudicatarios<\/a>.<\/p>\n<p>&nbsp;<\/p>\n<blockquote><p>\u201cEl estado municipal se puso al hombro una situaci\u00f3n que no escapa a la realidad de ning\u00fan municipio del pa\u00eds, que es la falta de viviendas. Para nosotros la prioridad es la familia, es la salud, es la educaci\u00f3n, el trabajo. Nunca vamos a chicanear con una vivienda de una familia\u201d afirm\u00f3 Galli en una el\u00edptica respuesta a las cr\u00edticas que la oposici\u00f3n lanz\u00f3 sobre el plan municipal y, m\u00e1s puntualmente, sobre las fallas de las TUVI industrializadas.<\/p><\/blockquote>\n<p>&nbsp;<\/p>\n<p>En una \u00faltima referencia a la entrega de las casas, el Intendente destac\u00f3 que adem\u00e1s se hizo entrega de<strong> un mate con la leyenda \u201cun sue\u00f1o hecho hogar\u201d<\/strong>. \u201cEs algo simb\u00f3lico\u201d dijo para explicar que \u201cen estas casas van a compartir muchos mates y queremos estar ah\u00ed\u201d.<\/p>\n<p>&nbsp;<\/p>\n<p><img data-recalc-dims=\"1\" loading=\"lazy\" decoding=\"async\" class=\"size-large wp-image-75068 aligncenter\" src=\"https:\/\/i0.wp.com\/cdnoticias.com\/wp-content\/uploads\/2023\/01\/TUVI-tradicionales-04.jpg?resize=800%2C445&#038;ssl=1\" alt=\"\" width=\"800\" height=\"445\" srcset=\"https:\/\/i0.wp.com\/cdnoticias.com\/wp-content\/uploads\/2023\/01\/TUVI-tradicionales-04-scaled.jpg?resize=1024%2C570&amp;ssl=1 1024w, https:\/\/i0.wp.com\/cdnoticias.com\/wp-content\/uploads\/2023\/01\/TUVI-tradicionales-04-scaled.jpg?resize=300%2C167&amp;ssl=1 300w, https:\/\/i0.wp.com\/cdnoticias.com\/wp-content\/uploads\/2023\/01\/TUVI-tradicionales-04-scaled.jpg?resize=768%2C427&amp;ssl=1 768w, https:\/\/i0.wp.com\/cdnoticias.com\/wp-content\/uploads\/2023\/01\/TUVI-tradicionales-04-scaled.jpg?resize=1536%2C855&amp;ssl=1 1536w, https:\/\/i0.wp.com\/cdnoticias.com\/wp-content\/uploads\/2023\/01\/TUVI-tradicionales-04-scaled.jpg?resize=2048%2C1140&amp;ssl=1 2048w, https:\/\/i0.wp.com\/cdnoticias.com\/wp-content\/uploads\/2023\/01\/TUVI-tradicionales-04-scaled.jpg?resize=800%2C445&amp;ssl=1 800w, https:\/\/i0.wp.com\/cdnoticias.com\/wp-content\/uploads\/2023\/01\/TUVI-tradicionales-04-scaled.jpg?w=1600&amp;ssl=1 1600w, https:\/\/i0.wp.com\/cdnoticias.com\/wp-content\/uploads\/2023\/01\/TUVI-tradicionales-04-scaled.jpg?w=2400&amp;ssl=1 2400w\" sizes=\"auto, (max-width: 800px) 100vw, 800px\" \/><\/p>\n<p>&nbsp;<\/p>\n<p>Sobre el cierre del discurso, se dirigi\u00f3 al personal municipal. \u201cEs un d\u00eda muy importante para la gesti\u00f3n y para todo el equipo, <strong>quiero agradecer a todo el equipo de trabajo de Obras P\u00fablicas\u201d<\/strong> valor\u00f3. \u201cVamos a seguir trabajando de esta manera, no aflojemos. Quedan muchos desaf\u00edos por delante y <strong>muchos a\u00f1os para solucionar, una parte aunque sea, del problema de la demanda habitacional\u201d<\/strong> expres\u00f3 Ezequiel Galli.<\/p>\n<p>&nbsp;<\/p>\n<p>Adem\u00e1s del Intendente, del acto participaron los secretarios de Obras P\u00fablicas, Julio Ferraro, y de Gobierno, Hilario Galli, la presidenta del Concejo Deliberante, Cecilia Krivochen, subsecretarios y directores municipales, y concejales del bloque Juntos.<\/p>\n<p>&nbsp;<\/p>\n<blockquote class=\"instagram-media\" style=\"background: #FFF; border: 0; border-radius: 3px; box-shadow: 0 0 1px 0 rgba(0,0,0,0.5),0 1px 10px 0 rgba(0,0,0,0.15); margin: 1px; max-width: 540px; min-width: 326px; padding: 0; width: calc(100% - 2px);\" data-instgrm-captioned=\"\" data-instgrm-permalink=\"https:\/\/www.instagram.com\/reel\/CnmdGZiqJW-\/?utm_source=ig_embed&amp;utm_campaign=loading\" data-instgrm-version=\"14\">\n<div style=\"padding: 16px;\">\n<p>&nbsp;<\/p>\n<div style=\"display: flex; flex-direction: row; align-items: center;\">\n<div style=\"background-color: #f4f4f4; border-radius: 50%; flex-grow: 0; height: 40px; margin-right: 14px; width: 40px;\"><\/div>\n<div style=\"display: flex; flex-direction: column; flex-grow: 1; justify-content: center;\">\n<div style=\"background-color: #f4f4f4; border-radius: 4px; flex-grow: 0; height: 14px; margin-bottom: 6px; width: 100px;\"><\/div>\n<div style=\"background-color: #f4f4f4; border-radius: 4px; flex-grow: 0; height: 14px; width: 60px;\"><\/div>\n<\/div>\n<\/div>\n<div style=\"padding: 19% 0;\"><\/div>\n<div style=\"display: block; height: 50px; margin: 0 auto 12px; width: 50px;\"><\/div>\n<div style=\"padding-top: 8px;\">\n<div style=\"color: #3897f0; font-family: Arial,sans-serif; font-size: 14px; font-style: normal; font-weight: 550; line-height: 18px;\">Ver esta publicaci\u00f3n en Instagram<\/div>\n<\/div>\n<div style=\"padding: 12.5% 0;\"><\/div>\n<div style=\"display: flex; flex-direction: row; margin-bottom: 14px; align-items: center;\">\n<div>\n<div style=\"background-color: #f4f4f4; border-radius: 50%; height: 12.5px; width: 12.5px; transform: translateX(0px) translateY(7px);\"><\/div>\n<div style=\"background-color: #f4f4f4; height: 12.5px; transform: rotate(-45deg) translateX(3px) translateY(1px); width: 12.5px; flex-grow: 0; margin-right: 14px; margin-left: 2px;\"><\/div>\n<div style=\"background-color: #f4f4f4; border-radius: 50%; height: 12.5px; width: 12.5px; transform: translateX(9px) translateY(-18px);\"><\/div>\n<\/div>\n<div style=\"margin-left: 8px;\">\n<div style=\"background-color: #f4f4f4; border-radius: 50%; flex-grow: 0; height: 20px; width: 20px;\"><\/div>\n<div style=\"width: 0; height: 0; border-top: 2px solid transparent; border-left: 6px solid #f4f4f4; border-bottom: 2px solid transparent; transform: translateX(16px) translateY(-4px) rotate(30deg);\"><\/div>\n<\/div>\n<div style=\"margin-left: auto;\">\n<div style=\"width: 0px; border-top: 8px solid #F4F4F4; border-right: 8px solid transparent; transform: translateY(16px);\"><\/div>\n<div style=\"background-color: #f4f4f4; flex-grow: 0; height: 12px; width: 16px; transform: translateY(-4px);\"><\/div>\n<div style=\"width: 0; height: 0; border-top: 8px solid #F4F4F4; border-left: 8px solid transparent; transform: translateY(-4px) translateX(8px);\"><\/div>\n<\/div>\n<\/div>\n<div style=\"display: flex; flex-direction: column; flex-grow: 1; justify-content: center; margin-bottom: 24px;\">\n<div style=\"background-color: #f4f4f4; border-radius: 4px; flex-grow: 0; height: 14px; margin-bottom: 6px; width: 224px;\"><\/div>\n<div style=\"background-color: #f4f4f4; border-radius: 4px; flex-grow: 0; height: 14px; width: 144px;\"><\/div>\n<\/div>\n<p>&nbsp;<\/p>\n<p style=\"color: #c9c8cd; font-family: Arial,sans-serif; font-size: 14px; line-height: 17px; margin-bottom: 0; margin-top: 8px; overflow: hidden; padding: 8px 0 7px; text-align: center; text-overflow: ellipsis; white-space: nowrap;\"><a style=\"color: #c9c8cd; font-family: Arial,sans-serif; font-size: 14px; font-style: normal; font-weight: normal; line-height: 17px; text-decoration: none;\" href=\"https:\/\/www.instagram.com\/reel\/CnmdGZiqJW-\/?utm_source=ig_embed&amp;utm_campaign=loading\" target=\"_blank\" rel=\"noopener\">Una publicaci\u00f3n compartida por Central de Noticias Olavarr\u00eda (@cdnolavarria)<\/a><\/p>\n<\/div>\n<\/blockquote>\n<p><script async src=\"\/\/www.instagram.com\/embed.js\"><\/script><br \/>\n<strong>El pago de las cuotas<\/strong><\/p>\n<p>&nbsp;<\/p>\n<p>Seg\u00fan pudo saber <strong>Central de Noticias<\/strong>, a partir del mes de marzo los adjudicatarios que hoy recibieron sus casas tendr\u00e1n que<strong> pagar las cuotas<\/strong> tal como estaban previstas en el contrato que originalmente firmaron para acceder al programa.<\/p>\n<p>&nbsp;<\/p>\n<p>El valor de las cuotas es el mismo para todos los adjudicatarios y <strong>se ajustar\u00e1 cada cuatro meses<\/strong>. Aunque en funci\u00f3n del capital inicial que entregaron para ingresar al Plan TUVI se defini\u00f3 la cantidad de cuotas que deber\u00e1 pagar cada familia.<\/p>\n<p>&nbsp;<\/p>\n<p><img data-recalc-dims=\"1\" loading=\"lazy\" decoding=\"async\" class=\"size-large wp-image-75072 aligncenter\" src=\"https:\/\/i0.wp.com\/cdnoticias.com\/wp-content\/uploads\/2023\/01\/TUVI-tradicionales-08.jpg?resize=800%2C445&#038;ssl=1\" alt=\"\" width=\"800\" height=\"445\" srcset=\"https:\/\/i0.wp.com\/cdnoticias.com\/wp-content\/uploads\/2023\/01\/TUVI-tradicionales-08-scaled.jpg?resize=1024%2C570&amp;ssl=1 1024w, https:\/\/i0.wp.com\/cdnoticias.com\/wp-content\/uploads\/2023\/01\/TUVI-tradicionales-08-scaled.jpg?resize=300%2C167&amp;ssl=1 300w, https:\/\/i0.wp.com\/cdnoticias.com\/wp-content\/uploads\/2023\/01\/TUVI-tradicionales-08-scaled.jpg?resize=768%2C427&amp;ssl=1 768w, https:\/\/i0.wp.com\/cdnoticias.com\/wp-content\/uploads\/2023\/01\/TUVI-tradicionales-08-scaled.jpg?resize=1536%2C855&amp;ssl=1 1536w, https:\/\/i0.wp.com\/cdnoticias.com\/wp-content\/uploads\/2023\/01\/TUVI-tradicionales-08-scaled.jpg?resize=2048%2C1139&amp;ssl=1 2048w, https:\/\/i0.wp.com\/cdnoticias.com\/wp-content\/uploads\/2023\/01\/TUVI-tradicionales-08-scaled.jpg?resize=800%2C445&amp;ssl=1 800w, https:\/\/i0.wp.com\/cdnoticias.com\/wp-content\/uploads\/2023\/01\/TUVI-tradicionales-08-scaled.jpg?w=1600&amp;ssl=1 1600w, https:\/\/i0.wp.com\/cdnoticias.com\/wp-content\/uploads\/2023\/01\/TUVI-tradicionales-08-scaled.jpg?w=2400&amp;ssl=1 2400w\" sizes=\"auto, (max-width: 800px) 100vw, 800px\" \/><\/p>\n<p>&nbsp;<\/p>\n<p>Las casas entregadas tienen 45m2 de extensi\u00f3n, con una cocina-comedor, dos habitaciones y un ba\u00f1o. \u201cDecidimos que sean viviendas con caracter\u00edsticas simples y con la posibilidad concreta de poder expandirla a una tercera habitaci\u00f3n y crecer tanto hacia delante como a uno de los costados\u201d hab\u00eda explicado el secretario Ferraro cuando se present\u00f3 el proyecto.<\/p>\n<p>&nbsp;<\/p>\n<p>Los trabajos de construcci\u00f3n estuvieron a cargo de la empresa Visan Ingenier\u00eda.<\/p>\n<p>&nbsp;<\/p>\n","protected":false},"excerpt":{"rendered":"<p>Lo dijo Ezequiel Galli en el acto de entrega de las primeras casas del Plan TUVI de construcci\u00f3n tradicional en<\/p>\n","protected":false},"author":4,"featured_media":75079,"comment_status":"closed","ping_status":"closed","sticky":false,"template":"","format":"standard","meta":{"_jetpack_memberships_contains_paid_content":false,"footnotes":""},"categories":[5,1],"tags":[],"class_list":["post-75083","post","type-post","status-publish","format-standard","has-post-thumbnail","hentry","category-informacion-general","category-portada"],"jetpack_featured_media_url":"https:\/\/i0.wp.com\/cdnoticias.com\/wp-content\/uploads\/2023\/01\/TUVI-tradicionales-15-scaled.jpg?fit=2560%2C1424&ssl=1","jetpack_sharing_enabled":true,"_links":{"self":[{"href":"https:\/\/cdnoticias.com\/index.php\/wp-json\/wp\/v2\/posts\/75083","targetHints":{"allow":["GET"]}}],"collection":[{"href":"https:\/\/cdnoticias.com\/index.php\/wp-json\/wp\/v2\/posts"}],"about":[{"href":"https:\/\/cdnoticias.com\/index.php\/wp-json\/wp\/v2\/types\/post"}],"author":[{"embeddable":true,"href":"https:\/\/cdnoticias.com\/index.php\/wp-json\/wp\/v2\/users\/4"}],"replies":[{"embeddable":true,"href":"https:\/\/cdnoticias.com\/index.php\/wp-json\/wp\/v2\/comments?post=75083"}],"version-history":[{"count":0,"href":"https:\/\/cdnoticias.com\/index.php\/wp-json\/wp\/v2\/posts\/75083\/revisions"}],"wp:featuredmedia":[{"embeddable":true,"href":"https:\/\/cdnoticias.com\/index.php\/wp-json\/wp\/v2\/media\/75079"}],"wp:attachment":[{"href":"https:\/\/cdnoticias.com\/index.php\/wp-json\/wp\/v2\/media?parent=75083"}],"wp:term":[{"taxonomy":"category","embeddable":true,"href":"https:\/\/cdnoticias.com\/index.php\/wp-json\/wp\/v2\/categories?post=75083"},{"taxonomy":"post_tag","embeddable":true,"href":"https:\/\/cdnoticias.com\/index.php\/wp-json\/wp\/v2\/tags?post=75083"}],"curies":[{"name":"wp","href":"https:\/\/api.w.org\/{rel}","templated":true}]}}