{"id":7508,"date":"2020-11-26T08:37:58","date_gmt":"2020-11-26T11:37:58","guid":{"rendered":"http:\/\/www.centraldenoticias.com.ar\/?p=7508"},"modified":"2020-11-26T08:38:16","modified_gmt":"2020-11-26T11:38:16","slug":"emocionante-y-multitudinaria-despedida-a-diego-maradona","status":"publish","type":"post","link":"https:\/\/cdnoticias.com\/index.php\/2020\/11\/26\/emocionante-y-multitudinaria-despedida-a-diego-maradona\/","title":{"rendered":"Emocionante y multitudinaria despedida a Diego Maradona"},"content":{"rendered":"<p>Sus restos son velados desde las 6 de la ma\u00f1ana en Casa Rosada. Desde el primer minuto, la llegada de argentinos y argentinas fue conmovedora.<!--more--><\/p>\n<hr \/>\n<p><strong>El \u201cd\u00eda despu\u00e9s\u201d de la muerte de Maradona<\/strong> a\u00fan genera conmoci\u00f3n. A medida que los argentinos y las argentinas despiertan, todav\u00eda no pueden creer la noticia de la muerte del diez.<\/p>\n<p>&nbsp;<\/p>\n<p>Desde las 6 de la ma\u00f1ana, <strong>sus restos son velados en Casa Rosada, con un protocolo que impide frenar para quedarse algunos minutos frente a Diego.<\/strong>\u00a0En su caj\u00f3n tiene los dos s\u00edmbolos m\u00e1s importantes de su vida: <strong>la camiseta de Boca y la de la Selecci\u00f3n Argentina.<\/strong><\/p>\n<p>&nbsp;<\/p>\n<div class=\"jetpack-video-wrapper\"><iframe loading=\"lazy\" width=\"800\" height=\"600\" src=\"https:\/\/www.youtube.com\/embed\/j9USSsGpfhA?feature=oembed\" frameborder=\"0\" allow=\"accelerometer; autoplay; clipboard-write; encrypted-media; gyroscope; picture-in-picture\" allowfullscreen><\/iframe><\/div>\n<p>&nbsp;<\/p>\n<blockquote><p>La familia acompa\u00f1a por momentos cerca del caj\u00f3n donde se encuentran los restos de Maradona, y por momentos en una sala lindera de Casa Rosada. Personalidades, futbolistas y otras personas destacadas tambi\u00e9n se ubicaron en ese lugar.<\/p><\/blockquote>\n<p>&nbsp;<\/p>\n<p>Si bien en un principio se estimaba un velatorio de varios d\u00edas,<strong> la familia tom\u00f3 la decisi\u00f3n de que sus restos sean velados hasta las 16 horas de este jueves.<\/strong><\/p>\n<p>&nbsp;<\/p>\n<p>Aplausos, llanto, cantitos, y un \u201cgracias\u201d que se puede escuchar en cada instante, los diarios y las redes sociales manifestaron que \u201cel mundo est\u00e1 de luto\u201d tras la muerte de \u201cD10S\u201d.<\/p>\n","protected":false},"excerpt":{"rendered":"<p>Sus restos son velados desde las 6 de la ma\u00f1ana en Casa Rosada. Desde el primer minuto, la llegada de<\/p>\n","protected":false},"author":2,"featured_media":7510,"comment_status":"closed","ping_status":"closed","sticky":false,"template":"","format":"standard","meta":{"_jetpack_memberships_contains_paid_content":false,"footnotes":""},"categories":[6,1],"tags":[],"class_list":["post-7508","post","type-post","status-publish","format-standard","has-post-thumbnail","hentry","category-nacionales","category-portada"],"jetpack_featured_media_url":"https:\/\/i0.wp.com\/cdnoticias.com\/wp-content\/uploads\/2020\/11\/maradona.jpg?fit=768%2C432&ssl=1","jetpack_sharing_enabled":true,"_links":{"self":[{"href":"https:\/\/cdnoticias.com\/index.php\/wp-json\/wp\/v2\/posts\/7508","targetHints":{"allow":["GET"]}}],"collection":[{"href":"https:\/\/cdnoticias.com\/index.php\/wp-json\/wp\/v2\/posts"}],"about":[{"href":"https:\/\/cdnoticias.com\/index.php\/wp-json\/wp\/v2\/types\/post"}],"author":[{"embeddable":true,"href":"https:\/\/cdnoticias.com\/index.php\/wp-json\/wp\/v2\/users\/2"}],"replies":[{"embeddable":true,"href":"https:\/\/cdnoticias.com\/index.php\/wp-json\/wp\/v2\/comments?post=7508"}],"version-history":[{"count":0,"href":"https:\/\/cdnoticias.com\/index.php\/wp-json\/wp\/v2\/posts\/7508\/revisions"}],"wp:featuredmedia":[{"embeddable":true,"href":"https:\/\/cdnoticias.com\/index.php\/wp-json\/wp\/v2\/media\/7510"}],"wp:attachment":[{"href":"https:\/\/cdnoticias.com\/index.php\/wp-json\/wp\/v2\/media?parent=7508"}],"wp:term":[{"taxonomy":"category","embeddable":true,"href":"https:\/\/cdnoticias.com\/index.php\/wp-json\/wp\/v2\/categories?post=7508"},{"taxonomy":"post_tag","embeddable":true,"href":"https:\/\/cdnoticias.com\/index.php\/wp-json\/wp\/v2\/tags?post=7508"}],"curies":[{"name":"wp","href":"https:\/\/api.w.org\/{rel}","templated":true}]}}