{"id":75036,"date":"2023-01-18T17:53:00","date_gmt":"2023-01-18T20:53:00","guid":{"rendered":"https:\/\/www.centraldenoticias.com.ar\/?p=75036"},"modified":"2023-01-18T17:53:00","modified_gmt":"2023-01-18T20:53:00","slug":"arouxet-sobre-el-aumento-de-tasas-buscan-hacer-caja-para-financiar-la-re-reeleccion","status":"publish","type":"post","link":"https:\/\/cdnoticias.com\/index.php\/2023\/01\/18\/arouxet-sobre-el-aumento-de-tasas-buscan-hacer-caja-para-financiar-la-re-reeleccion\/","title":{"rendered":"Arouxet, sobre el aumento de Tasas: \u201c\u00bfbuscan hacer caja para financiar la re-reelecci\u00f3n?\u201d"},"content":{"rendered":"<p>Con dureza, la concejal de Ahora Olavarr\u00eda se\u00f1al\u00f3 que la suba fue \u201cantojadiza\u201d m\u00e1s all\u00e1 de la inflaci\u00f3n del Indec. Se\u00f1al\u00f3 que hubo 1.800 millones de \u201cahorro\u201d y se pregunt\u00f3: \u201c\u00bfPor qu\u00e9 no se traducen en obras?\u201d. <!--more--><\/p>\n<hr \/>\n<p>Este martes, y <a href=\"https:\/\/cdnoticias.com\/index.php\/2023\/01\/17\/tasa-por-tasa-cuanto-se-paga-tras-el-aumento\/\" target=\"_blank\" rel=\"noopener\">luego de la suba de tasas del 43% promedio<\/a>,<strong> la concejal de Ahora Olavarr\u00eda, Celeste Arouxet, sali\u00f3 a criticar el aumento con dureza al se\u00f1alar que fue una decisi\u00f3n \u201cantojadiza\u201d y cuestion\u00f3 el ahorro de 1.800 millones de pesos \u201cque no se traducen en obras\u201d.<\/strong><\/p>\n<p>&nbsp;<\/p>\n<p>Titulado<strong><em> \u201cGalli aumenta las tasas: \u00bfBusca hacer caja para financiar la re-reelecci\u00f3n?\u201d<\/em><\/strong> el espacio acus\u00f3 al jefe comunal que <em>\u201cactiva la agenda electoral 2023 y se muestra en Pinamar con dirigentes del Pro apoyando fuertemente la precandidatura a la presidencia de Horacio Rodr\u00edguez Larreta\u201d<\/em>, los olavarrienses <em>\u201cbuscamos bajar la temperatura de nuestros \u00e1nimos luego de amanecer con un decretazo del 43% de aumento en las tasas municipales\u201d.<\/em><\/p>\n<p>&nbsp;<\/p>\n<blockquote><p>Expresaron que \u201clas tasas municipales se constituyen en una contraprestaci\u00f3n por un servicio p\u00fablico que se brinda y los aumentos deben plantearse cuando se incrementa el costo de dicha prestaci\u00f3n\u201d.<\/p><\/blockquote>\n<p>&nbsp;<\/p>\n<p>A su vez, explicaron que la suba de tasas<strong><em> \u201cno debe ser caprichosa ni antojadiza\u201d<\/em><\/strong> sino que <em>\u201cdebe surgir de un an\u00e1lisis pormenorizado y particular de cada uno de los servicios municipales que se prestan y del esquema de costos que tiene debido a que no existe una l\u00f3gica lineal en su comportamiento\u201d<\/em>. Es decir, <em>\u201csi la inflaci\u00f3n registra un 95% eso no necesariamente debe espejarse en el monto final de la factura con un 95% m\u00e1s\u201d.<\/em><\/p>\n<p>&nbsp;<\/p>\n<p>La acusaci\u00f3n, por otra parte, estuvo en que el cierre del ejercicio 2022 para el Municipio<strong><em> \u201ctuvo un ahorro que super\u00f3 los 1.800 millones de pesos. Sin embargo, ese ahorro no parece estar asignada a la realizaci\u00f3n de cloacas, viviendas, asfalto o ampliaci\u00f3n de la red de agua potable\u201d.<\/em><\/strong><\/p>\n<p>&nbsp;<\/p>\n<blockquote><p>\u201cPor eso la gran pregunta que nos hacemos en el despegue de este a\u00f1o, que es electoral, es qu\u00e9 destino planea darle la gesti\u00f3n de Ezequiel Galli a esos fondos ahorrados que son de todos los olavarrienses\u201d.<\/p><\/blockquote>\n<p>&nbsp;<\/p>\n<p>Teniendo en cuenta que para la concejal el concepto de ahorro<em> \u201csurge a partir de que los ingresos corrientes resultaron ser mayores y los gastos corrientes\u201d<\/em> consideraron que lo m\u00e1s correcto <em>\u201cser\u00eda que la gesti\u00f3n de Galli invirtiera en los olavarrienses esos recursos o, de m\u00ednima, no nos cobre un aumento de tasas de manera discrecional mediante un decretazo inexplicable que impacta tanto en el bolsillo como en el humor de los olavarrienses\u201d.<\/em><\/p>\n<p>&nbsp;<\/p>\n<p><em>\u201c\u00bfO ser\u00e1 que se repite la l\u00f3gica de 2019, cuando Galli fue reelecto y el Municipio termin\u00f3 con un d\u00e9ficit de 354 millones de pesos? \u00bfSer\u00e1 que el Intendente previ\u00f3 este ahorro sin inversi\u00f3n para capitalizarlo en su carrera a la re-reelecci\u00f3n?\u201d<\/em> cerraron el comunicado.<\/p>\n","protected":false},"excerpt":{"rendered":"<p>Con dureza, la concejal de Ahora Olavarr\u00eda se\u00f1al\u00f3 que la suba fue \u201cantojadiza\u201d m\u00e1s all\u00e1 de la inflaci\u00f3n del Indec.<\/p>\n","protected":false},"author":2,"featured_media":73418,"comment_status":"closed","ping_status":"closed","sticky":false,"template":"","format":"standard","meta":{"_jetpack_memberships_contains_paid_content":false,"footnotes":""},"categories":[4,1],"tags":[],"class_list":["post-75036","post","type-post","status-publish","format-standard","has-post-thumbnail","hentry","category-politica","category-portada"],"jetpack_featured_media_url":"https:\/\/i0.wp.com\/cdnoticias.com\/wp-content\/uploads\/2022\/12\/HCD-celeste-arouxet.jpg?fit=800%2C445&ssl=1","jetpack_sharing_enabled":true,"_links":{"self":[{"href":"https:\/\/cdnoticias.com\/index.php\/wp-json\/wp\/v2\/posts\/75036","targetHints":{"allow":["GET"]}}],"collection":[{"href":"https:\/\/cdnoticias.com\/index.php\/wp-json\/wp\/v2\/posts"}],"about":[{"href":"https:\/\/cdnoticias.com\/index.php\/wp-json\/wp\/v2\/types\/post"}],"author":[{"embeddable":true,"href":"https:\/\/cdnoticias.com\/index.php\/wp-json\/wp\/v2\/users\/2"}],"replies":[{"embeddable":true,"href":"https:\/\/cdnoticias.com\/index.php\/wp-json\/wp\/v2\/comments?post=75036"}],"version-history":[{"count":0,"href":"https:\/\/cdnoticias.com\/index.php\/wp-json\/wp\/v2\/posts\/75036\/revisions"}],"wp:featuredmedia":[{"embeddable":true,"href":"https:\/\/cdnoticias.com\/index.php\/wp-json\/wp\/v2\/media\/73418"}],"wp:attachment":[{"href":"https:\/\/cdnoticias.com\/index.php\/wp-json\/wp\/v2\/media?parent=75036"}],"wp:term":[{"taxonomy":"category","embeddable":true,"href":"https:\/\/cdnoticias.com\/index.php\/wp-json\/wp\/v2\/categories?post=75036"},{"taxonomy":"post_tag","embeddable":true,"href":"https:\/\/cdnoticias.com\/index.php\/wp-json\/wp\/v2\/tags?post=75036"}],"curies":[{"name":"wp","href":"https:\/\/api.w.org\/{rel}","templated":true}]}}