{"id":75031,"date":"2023-01-18T15:44:53","date_gmt":"2023-01-18T18:44:53","guid":{"rendered":"https:\/\/www.centraldenoticias.com.ar\/?p=75031"},"modified":"2023-01-18T19:06:58","modified_gmt":"2023-01-18T22:06:58","slug":"un-joven-resulto-con-importantes-heridas-tras-un-siniestro-vial-en-microcentro","status":"publish","type":"post","link":"https:\/\/cdnoticias.com\/index.php\/2023\/01\/18\/un-joven-resulto-con-importantes-heridas-tras-un-siniestro-vial-en-microcentro\/","title":{"rendered":"Un joven result\u00f3 con importantes heridas tras un siniestro vial en microcentro"},"content":{"rendered":"<p>Fue en el mediod\u00eda de este mi\u00e9rcoles, en el cruce de San Mart\u00edn y Moreno. Fue trasladado de urgencia al Hospital.<!--more--><\/p>\n<hr \/>\n<p>En el mediod\u00eda de este mi\u00e9rcoles, <strong>un joven motociclista result\u00f3 con importantes heridas luego de protagonizar un siniestro vial contra un auto en el cruce de las calles San Mart\u00edn y Moreno, en microcentro.<\/strong><\/p>\n<p>&nbsp;<\/p>\n<p>Seg\u00fan testigos en el lugar,<strong> la colisi\u00f3n se produjo cuando el veh\u00edculo, un Ford Fiesta, no pudo evitar a un motomandados que circulaba por calle Moreno.<\/strong><\/p>\n<p>&nbsp;<\/p>\n<p><img data-recalc-dims=\"1\" loading=\"lazy\" decoding=\"async\" class=\"alignnone size-large wp-image-75034\" src=\"https:\/\/i0.wp.com\/cdnoticias.com\/wp-content\/uploads\/2023\/01\/accidente-microcentro2.jpg?resize=800%2C445&#038;ssl=1\" alt=\"\" width=\"800\" height=\"445\" srcset=\"https:\/\/i0.wp.com\/cdnoticias.com\/wp-content\/uploads\/2023\/01\/accidente-microcentro2.jpg?resize=1024%2C569&amp;ssl=1 1024w, https:\/\/i0.wp.com\/cdnoticias.com\/wp-content\/uploads\/2023\/01\/accidente-microcentro2.jpg?resize=300%2C167&amp;ssl=1 300w, https:\/\/i0.wp.com\/cdnoticias.com\/wp-content\/uploads\/2023\/01\/accidente-microcentro2.jpg?resize=768%2C427&amp;ssl=1 768w, https:\/\/i0.wp.com\/cdnoticias.com\/wp-content\/uploads\/2023\/01\/accidente-microcentro2.jpg?resize=1536%2C854&amp;ssl=1 1536w, https:\/\/i0.wp.com\/cdnoticias.com\/wp-content\/uploads\/2023\/01\/accidente-microcentro2.jpg?resize=800%2C445&amp;ssl=1 800w, https:\/\/i0.wp.com\/cdnoticias.com\/wp-content\/uploads\/2023\/01\/accidente-microcentro2.jpg?w=1599&amp;ssl=1 1599w\" sizes=\"auto, (max-width: 800px) 100vw, 800px\" \/><\/p>\n<p>&nbsp;<\/p>\n<p>Producto del impacto, <strong>una ambulancia del SAME traslad\u00f3 de urgencia al joven al Hospital Municipal<\/strong>, donde es atendido por personal de salud para evaluar el grado de sus heridas.<\/p>\n<p>&nbsp;<\/p>\n<p><img data-recalc-dims=\"1\" loading=\"lazy\" decoding=\"async\" class=\"alignnone size-large wp-image-75033\" src=\"https:\/\/i0.wp.com\/cdnoticias.com\/wp-content\/uploads\/2023\/01\/accidente-microcentro1.jpg?resize=800%2C445&#038;ssl=1\" alt=\"\" width=\"800\" height=\"445\" srcset=\"https:\/\/i0.wp.com\/cdnoticias.com\/wp-content\/uploads\/2023\/01\/accidente-microcentro1.jpg?resize=1024%2C569&amp;ssl=1 1024w, https:\/\/i0.wp.com\/cdnoticias.com\/wp-content\/uploads\/2023\/01\/accidente-microcentro1.jpg?resize=300%2C167&amp;ssl=1 300w, https:\/\/i0.wp.com\/cdnoticias.com\/wp-content\/uploads\/2023\/01\/accidente-microcentro1.jpg?resize=768%2C427&amp;ssl=1 768w, https:\/\/i0.wp.com\/cdnoticias.com\/wp-content\/uploads\/2023\/01\/accidente-microcentro1.jpg?resize=1536%2C854&amp;ssl=1 1536w, https:\/\/i0.wp.com\/cdnoticias.com\/wp-content\/uploads\/2023\/01\/accidente-microcentro1.jpg?resize=800%2C445&amp;ssl=1 800w, https:\/\/i0.wp.com\/cdnoticias.com\/wp-content\/uploads\/2023\/01\/accidente-microcentro1.jpg?w=1599&amp;ssl=1 1599w\" sizes=\"auto, (max-width: 800px) 100vw, 800px\" \/><\/p>\n<p>&nbsp;<\/p>\n<p>Tambi\u00e9n particip\u00f3 personal de Comando de Patrullas, que reorden\u00f3 el tr\u00e1nsito en el lugar hasta tanto se realicen las tareas de peritaje correspondientes.<\/p>\n","protected":false},"excerpt":{"rendered":"<p>Fue en el mediod\u00eda de este mi\u00e9rcoles, en el cruce de San Mart\u00edn y Moreno. Fue trasladado de urgencia al<\/p>\n","protected":false},"author":2,"featured_media":75032,"comment_status":"closed","ping_status":"closed","sticky":false,"template":"","format":"standard","meta":{"_jetpack_memberships_contains_paid_content":false,"footnotes":""},"categories":[14,1],"tags":[],"class_list":["post-75031","post","type-post","status-publish","format-standard","has-post-thumbnail","hentry","category-policiales","category-portada"],"jetpack_featured_media_url":"https:\/\/i0.wp.com\/cdnoticias.com\/wp-content\/uploads\/2023\/01\/accidente-microcentro.jpg?fit=1599%2C889&ssl=1","jetpack_sharing_enabled":true,"_links":{"self":[{"href":"https:\/\/cdnoticias.com\/index.php\/wp-json\/wp\/v2\/posts\/75031","targetHints":{"allow":["GET"]}}],"collection":[{"href":"https:\/\/cdnoticias.com\/index.php\/wp-json\/wp\/v2\/posts"}],"about":[{"href":"https:\/\/cdnoticias.com\/index.php\/wp-json\/wp\/v2\/types\/post"}],"author":[{"embeddable":true,"href":"https:\/\/cdnoticias.com\/index.php\/wp-json\/wp\/v2\/users\/2"}],"replies":[{"embeddable":true,"href":"https:\/\/cdnoticias.com\/index.php\/wp-json\/wp\/v2\/comments?post=75031"}],"version-history":[{"count":0,"href":"https:\/\/cdnoticias.com\/index.php\/wp-json\/wp\/v2\/posts\/75031\/revisions"}],"wp:featuredmedia":[{"embeddable":true,"href":"https:\/\/cdnoticias.com\/index.php\/wp-json\/wp\/v2\/media\/75032"}],"wp:attachment":[{"href":"https:\/\/cdnoticias.com\/index.php\/wp-json\/wp\/v2\/media?parent=75031"}],"wp:term":[{"taxonomy":"category","embeddable":true,"href":"https:\/\/cdnoticias.com\/index.php\/wp-json\/wp\/v2\/categories?post=75031"},{"taxonomy":"post_tag","embeddable":true,"href":"https:\/\/cdnoticias.com\/index.php\/wp-json\/wp\/v2\/tags?post=75031"}],"curies":[{"name":"wp","href":"https:\/\/api.w.org\/{rel}","templated":true}]}}