{"id":75011,"date":"2023-01-18T20:44:41","date_gmt":"2023-01-18T23:44:41","guid":{"rendered":"https:\/\/www.centraldenoticias.com.ar\/?p=75011"},"modified":"2023-01-18T20:44:41","modified_gmt":"2023-01-18T23:44:41","slug":"se-creo-un-programa-para-mantener-subsidios-al-precio-del-aceite","status":"publish","type":"post","link":"https:\/\/cdnoticias.com\/index.php\/2023\/01\/18\/se-creo-un-programa-para-mantener-subsidios-al-precio-del-aceite\/","title":{"rendered":"Se cre\u00f3 un programa para mantener subsidios al precio del aceite"},"content":{"rendered":"<p>Buscan asegurar su abastecimiento con aportes que compensan a productores y abastecedores. Se financia con los aportes del denominado \u201cd\u00f3lar soja\u201d.<!--more--><\/p>\n<hr \/>\n<p><strong>El Ministerio de Econom\u00eda cre\u00f3 este martes el Programa de Fomento al Sector Aceitero<\/strong>, que dispone el pago de compensaciones a productores y abastecedores para continuar sosteniendo el precio de los aceites envasados y refinados de soja, girasol y sus mezclas.<\/p>\n<p>&nbsp;<\/p>\n<blockquote><p>Lo hizo a trav\u00e9s de la Resoluci\u00f3n 30\/2023 publicada en el Bolet\u00edn Oficial. La medida, financiada con los aportes del denominado \u201cd\u00f3lar soja\u201d, apunta a \u201csostener en el mercado interno un precio razonable de los aceites envasados y refinados para los consumidores\u201d as\u00ed como \u201csu pleno abastecimiento\u201d.<\/p><\/blockquote>\n<p>&nbsp;<\/p>\n<p>En concreto, <strong>el subsidio est\u00e1 destinado a los aceites en envases para consumo final y familiar<\/strong> de hasta tres litros.<\/p>\n<p>&nbsp;<\/p>\n<p>El precio de los aceites <strong>ya se encontraba subsidiado por actores privados sin ninguna erogaci\u00f3n estatal<\/strong> desde fines de 2020, a trav\u00e9s de un fideicomiso entre los distintos actores del mercado, el cual fue renovado en febrero del a\u00f1o pasado hasta el 31 de enero pr\u00f3ximo.<\/p>\n<p>&nbsp;<\/p>\n<p>En ese momento, en el marco de una escalada internacional de los precios de la soja y el girasol impulsada por la pandemia, se busc\u00f3 sostener en el mercado interno un precio accesible.\u00a0El fideicomiso, el cual estipulaba originalmente un monto anual de US$ 190 millones, est\u00e1 compuesto por los aportes de los agroexportadores de soja, girasol y sus derivados, los cuales son calculados seg\u00fan sus Declaraciones Juradas de Ventas al Exterior (DJVE).<\/p>\n<p>&nbsp;<\/p>\n<p>Los fondos provendr\u00e1n de los ingresos de <strong>derechos de exportaci\u00f3n que el Estado percibi\u00f3 a trav\u00e9s del Programa de Incremento Exportador<\/strong>, tambi\u00e9n denominado como <strong>\u201cd\u00f3lar soja\u201d<\/strong>, en sus dos ediciones.<\/p>\n<p>&nbsp;<\/p>\n<p>Este mecanismo de pago de compensaciones por parte del Estado se realizar\u00e1 siempre y cuando el \u201cfideicomiso no cuente con los bienes fideicomitidos necesarios que le permita afrontar este gasto\u201d, y estar\u00e1 vigente hasta el pr\u00f3ximo 31 de diciembre.<\/p>\n<p>&nbsp;<\/p>\n<p>Fuente: <em>Agencia DIB<\/em><\/p>\n<p>&nbsp;<\/p>\n","protected":false},"excerpt":{"rendered":"<p>Buscan asegurar su abastecimiento con aportes que compensan a productores y abastecedores. Se financia con los aportes del denominado \u201cd\u00f3lar<\/p>\n","protected":false},"author":4,"featured_media":75012,"comment_status":"closed","ping_status":"closed","sticky":false,"template":"","format":"standard","meta":{"_jetpack_memberships_contains_paid_content":false,"footnotes":""},"categories":[6,1],"tags":[],"class_list":["post-75011","post","type-post","status-publish","format-standard","has-post-thumbnail","hentry","category-nacionales","category-portada"],"jetpack_featured_media_url":"https:\/\/i0.wp.com\/cdnoticias.com\/wp-content\/uploads\/2023\/01\/Aceites-696x392-1.jpg?fit=696%2C392&ssl=1","jetpack_sharing_enabled":true,"_links":{"self":[{"href":"https:\/\/cdnoticias.com\/index.php\/wp-json\/wp\/v2\/posts\/75011","targetHints":{"allow":["GET"]}}],"collection":[{"href":"https:\/\/cdnoticias.com\/index.php\/wp-json\/wp\/v2\/posts"}],"about":[{"href":"https:\/\/cdnoticias.com\/index.php\/wp-json\/wp\/v2\/types\/post"}],"author":[{"embeddable":true,"href":"https:\/\/cdnoticias.com\/index.php\/wp-json\/wp\/v2\/users\/4"}],"replies":[{"embeddable":true,"href":"https:\/\/cdnoticias.com\/index.php\/wp-json\/wp\/v2\/comments?post=75011"}],"version-history":[{"count":0,"href":"https:\/\/cdnoticias.com\/index.php\/wp-json\/wp\/v2\/posts\/75011\/revisions"}],"wp:featuredmedia":[{"embeddable":true,"href":"https:\/\/cdnoticias.com\/index.php\/wp-json\/wp\/v2\/media\/75012"}],"wp:attachment":[{"href":"https:\/\/cdnoticias.com\/index.php\/wp-json\/wp\/v2\/media?parent=75011"}],"wp:term":[{"taxonomy":"category","embeddable":true,"href":"https:\/\/cdnoticias.com\/index.php\/wp-json\/wp\/v2\/categories?post=75011"},{"taxonomy":"post_tag","embeddable":true,"href":"https:\/\/cdnoticias.com\/index.php\/wp-json\/wp\/v2\/tags?post=75011"}],"curies":[{"name":"wp","href":"https:\/\/api.w.org\/{rel}","templated":true}]}}