{"id":75004,"date":"2023-01-18T11:03:26","date_gmt":"2023-01-18T14:03:26","guid":{"rendered":"https:\/\/www.centraldenoticias.com.ar\/?p=75004"},"modified":"2023-01-18T12:27:55","modified_gmt":"2023-01-18T15:27:55","slug":"loma-negra-intento-usurpar-una-vivienda-y-fue-aprehendido","status":"publish","type":"post","link":"https:\/\/cdnoticias.com\/index.php\/2023\/01\/18\/loma-negra-intento-usurpar-una-vivienda-y-fue-aprehendido\/","title":{"rendered":"Loma Negra: Intent\u00f3 usurpar una vivienda y fue aprehendido"},"content":{"rendered":"<p>Efectivos policiales comprobaron que ten\u00eda un pedido de captura activa emitido en la ciudad de Laprida. El joven de 28 a\u00f1os fue trasladado a la subcomisar\u00eda de la localidad.<!--more--><\/p>\n<hr \/>\n<p>Personal policial de la subcomisaria de Loma Negra acudi\u00f3 a un llamado de emergencia ante la posibilidad de <strong>usurpaci\u00f3n de una vivienda ubicada en Santiago Ca\u00f1izo al 1200.<\/strong><\/p>\n<p>&nbsp;<\/p>\n<p>Dentro del inmueble se encontraba un <strong>joven de 28 a\u00f1os<\/strong> que al ser identificado por los efectivos se comprob\u00f3 que ten\u00eda un <strong>pedido de captura activa emitida por el Juzgado de Paz de Laprida.<\/strong><\/p>\n<p>&nbsp;<\/p>\n<p><img data-recalc-dims=\"1\" loading=\"lazy\" decoding=\"async\" class=\"aligncenter size-full wp-image-75005\" src=\"https:\/\/i0.wp.com\/cdnoticias.com\/wp-content\/uploads\/2023\/01\/aprehendido-loma-negra-usurpacion-captura-1.jpg?resize=800%2C445&#038;ssl=1\" alt=\"\" width=\"800\" height=\"445\" srcset=\"https:\/\/i0.wp.com\/cdnoticias.com\/wp-content\/uploads\/2023\/01\/aprehendido-loma-negra-usurpacion-captura-1.jpg?w=1600&amp;ssl=1 1600w, https:\/\/i0.wp.com\/cdnoticias.com\/wp-content\/uploads\/2023\/01\/aprehendido-loma-negra-usurpacion-captura-1.jpg?resize=300%2C167&amp;ssl=1 300w, https:\/\/i0.wp.com\/cdnoticias.com\/wp-content\/uploads\/2023\/01\/aprehendido-loma-negra-usurpacion-captura-1.jpg?resize=1024%2C570&amp;ssl=1 1024w, https:\/\/i0.wp.com\/cdnoticias.com\/wp-content\/uploads\/2023\/01\/aprehendido-loma-negra-usurpacion-captura-1.jpg?resize=768%2C427&amp;ssl=1 768w, https:\/\/i0.wp.com\/cdnoticias.com\/wp-content\/uploads\/2023\/01\/aprehendido-loma-negra-usurpacion-captura-1.jpg?resize=1536%2C854&amp;ssl=1 1536w, https:\/\/i0.wp.com\/cdnoticias.com\/wp-content\/uploads\/2023\/01\/aprehendido-loma-negra-usurpacion-captura-1.jpg?resize=800%2C445&amp;ssl=1 800w\" sizes=\"auto, (max-width: 800px) 100vw, 800px\" \/><\/p>\n<p>&nbsp;<\/p>\n<p>De esta forma, el joven fue aprehendido y trasladado a la subcomisar\u00eda de la localidad. Intervienen la <strong>UFI n\u00b0 7 de Olavarr\u00eda y el Juzgado de Paz de Laprida.<\/strong><\/p>\n","protected":false},"excerpt":{"rendered":"<p>Efectivos policiales comprobaron que ten\u00eda un pedido de captura activa emitido en la ciudad de Laprida. El joven de 28<\/p>\n","protected":false},"author":5,"featured_media":75006,"comment_status":"closed","ping_status":"closed","sticky":false,"template":"","format":"standard","meta":{"_jetpack_memberships_contains_paid_content":false,"footnotes":""},"categories":[14,1],"tags":[],"class_list":["post-75004","post","type-post","status-publish","format-standard","has-post-thumbnail","hentry","category-policiales","category-portada"],"jetpack_featured_media_url":"https:\/\/i0.wp.com\/cdnoticias.com\/wp-content\/uploads\/2023\/01\/aprehendido-loma-negra-usurpacion-captura.jpg?fit=1600%2C890&ssl=1","jetpack_sharing_enabled":true,"_links":{"self":[{"href":"https:\/\/cdnoticias.com\/index.php\/wp-json\/wp\/v2\/posts\/75004","targetHints":{"allow":["GET"]}}],"collection":[{"href":"https:\/\/cdnoticias.com\/index.php\/wp-json\/wp\/v2\/posts"}],"about":[{"href":"https:\/\/cdnoticias.com\/index.php\/wp-json\/wp\/v2\/types\/post"}],"author":[{"embeddable":true,"href":"https:\/\/cdnoticias.com\/index.php\/wp-json\/wp\/v2\/users\/5"}],"replies":[{"embeddable":true,"href":"https:\/\/cdnoticias.com\/index.php\/wp-json\/wp\/v2\/comments?post=75004"}],"version-history":[{"count":0,"href":"https:\/\/cdnoticias.com\/index.php\/wp-json\/wp\/v2\/posts\/75004\/revisions"}],"wp:featuredmedia":[{"embeddable":true,"href":"https:\/\/cdnoticias.com\/index.php\/wp-json\/wp\/v2\/media\/75006"}],"wp:attachment":[{"href":"https:\/\/cdnoticias.com\/index.php\/wp-json\/wp\/v2\/media?parent=75004"}],"wp:term":[{"taxonomy":"category","embeddable":true,"href":"https:\/\/cdnoticias.com\/index.php\/wp-json\/wp\/v2\/categories?post=75004"},{"taxonomy":"post_tag","embeddable":true,"href":"https:\/\/cdnoticias.com\/index.php\/wp-json\/wp\/v2\/tags?post=75004"}],"curies":[{"name":"wp","href":"https:\/\/api.w.org\/{rel}","templated":true}]}}