{"id":74997,"date":"2023-01-18T12:27:44","date_gmt":"2023-01-18T15:27:44","guid":{"rendered":"https:\/\/www.centraldenoticias.com.ar\/?p=74997"},"modified":"2023-01-18T15:45:03","modified_gmt":"2023-01-18T18:45:03","slug":"tuvi-este-jueves-se-entregaran-las-20-viviendas-de-construccion-tradicional","status":"publish","type":"post","link":"https:\/\/cdnoticias.com\/index.php\/2023\/01\/18\/tuvi-este-jueves-se-entregaran-las-20-viviendas-de-construccion-tradicional\/","title":{"rendered":"TUVI: Este jueves se entregar\u00e1n las 20 viviendas de construcci\u00f3n tradicional"},"content":{"rendered":"<p>El acto ser\u00e1 encabezado por el intendente Ezequiel Galli en el barrio Pickelado. Los trabajos comenzaron a fines de junio de 2021. El recorrido de la obra.<!--more--><\/p>\n<hr \/>\n<p>Este jueves a las 10 de la ma\u00f1ana el intendente Ezequiel Galli encabezar\u00e1 la entrega de las<strong> 20 viviendas de construcci\u00f3n tradicional<\/strong> que forman parte del <strong>Programa Municipal de Viviendas TUVI.<\/strong><\/p>\n<p>&nbsp;<\/p>\n<p>Las casas se encuentran ubicadas en el barrio Pickelado y cuentan con <strong>45 metros cuadrados<\/strong>, ubicadas en terrenos de 12 metros de frente por 25 de fondo, con todas sus instalaciones, revestimientos, cielorrasos, artefactos y accesorios necesarios para un buen funcionamiento.<\/p>\n<p>&nbsp;<\/p>\n<p><img data-recalc-dims=\"1\" loading=\"lazy\" decoding=\"async\" class=\"aligncenter wp-image-25051 size-large\" src=\"https:\/\/i0.wp.com\/cdnoticias.com\/wp-content\/uploads\/2021\/06\/WhatsApp-Image-2021-06-26-at-11.01.37.jpeg?resize=800%2C800&#038;ssl=1\" alt=\"\" width=\"800\" height=\"800\" srcset=\"https:\/\/i0.wp.com\/cdnoticias.com\/wp-content\/uploads\/2021\/06\/WhatsApp-Image-2021-06-26-at-11.01.37.jpeg?resize=1024%2C1024&amp;ssl=1 1024w, https:\/\/i0.wp.com\/cdnoticias.com\/wp-content\/uploads\/2021\/06\/WhatsApp-Image-2021-06-26-at-11.01.37.jpeg?resize=150%2C150&amp;ssl=1 150w, https:\/\/i0.wp.com\/cdnoticias.com\/wp-content\/uploads\/2021\/06\/WhatsApp-Image-2021-06-26-at-11.01.37.jpeg?resize=300%2C300&amp;ssl=1 300w, https:\/\/i0.wp.com\/cdnoticias.com\/wp-content\/uploads\/2021\/06\/WhatsApp-Image-2021-06-26-at-11.01.37.jpeg?resize=768%2C768&amp;ssl=1 768w, https:\/\/i0.wp.com\/cdnoticias.com\/wp-content\/uploads\/2021\/06\/WhatsApp-Image-2021-06-26-at-11.01.37.jpeg?w=1280&amp;ssl=1 1280w\" sizes=\"auto, (max-width: 800px) 100vw, 800px\" \/><\/p>\n<p>&nbsp;<\/p>\n<p>El Plan Tuvi fue anunciado por el intendente Ezequiel Galli en el <strong>a\u00f1o 2019<\/strong> en paralelo a la apertura del Registro de Demanda Habitacional. En tanto, <a href=\"https:\/\/cdnoticias.com\/index.php\/2021\/05\/21\/se-licitaron-las-20-viviendas-del-programa-tuvi-en-barrio-pickelado\/\" target=\"_blank\" rel=\"noopener\">el 21 de mayo de 2021 el Intendente encabez\u00f3 el acto de apertura de la licitaci\u00f3n p\u00fablica<\/a> para la construcci\u00f3n de las 20 viviendas.<\/p>\n<p>&nbsp;<\/p>\n<p>Se presentaron tres oferentes locales: <strong>Vigas y Bloques S.RL. cotiz\u00f3 la suma de $85.800.000; Visan Ingenier\u00eda S.A estim\u00f3 $78.667.019,52 y por \u00faltimo Pecma S.R.L. ofert\u00f3 $84.206.360.<\/strong> El presupuesto oficial fue calculado en $66.000.000.<\/p>\n<p>&nbsp;<\/p>\n<p>El jefe comunal destac\u00f3 la participaci\u00f3n de las empresas constructoras y en esa oportunidad anunci\u00f3 que <strong>\u201cen algunas semanas licitaremos la construcci\u00f3n de otras 20 viviendas\u201d.<\/strong> En este punto, aclar\u00f3 que en esta segunda etapa se emplear\u00e1 otro modelo de construcci\u00f3n y que \u201ccon la cuota de estas primeras 40 viviendas, el proyecto prev\u00e9 crear un fondo para la construcci\u00f3n de nuevas unidades habitacionales\u201d. <a href=\"https:\/\/cdnoticias.com\/index.php\/2023\/01\/17\/tuvi-industrializadas-en-una-tensa-reunion-habra-recorrida-por-la-obra-este-sabado\/\" target=\"_blank\" rel=\"noopener\">Estaba hablando de las viviendas TUVI industrializadas, a\u00fan no concretadas y en conflicto son sus adjudicatarios.<\/a><\/p>\n<p>&nbsp;<\/p>\n<p><img data-recalc-dims=\"1\" loading=\"lazy\" decoding=\"async\" class=\"aligncenter size-full wp-image-22062\" src=\"https:\/\/i0.wp.com\/cdnoticias.com\/wp-content\/uploads\/2021\/05\/Licitaciones-TuVI-2-scaled.jpg?resize=800%2C535&#038;ssl=1\" alt=\"\" width=\"800\" height=\"535\" srcset=\"https:\/\/i0.wp.com\/cdnoticias.com\/wp-content\/uploads\/2021\/05\/Licitaciones-TuVI-2-scaled.jpg?w=2560&amp;ssl=1 2560w, https:\/\/i0.wp.com\/cdnoticias.com\/wp-content\/uploads\/2021\/05\/Licitaciones-TuVI-2-scaled.jpg?resize=300%2C201&amp;ssl=1 300w, https:\/\/i0.wp.com\/cdnoticias.com\/wp-content\/uploads\/2021\/05\/Licitaciones-TuVI-2-scaled.jpg?resize=768%2C513&amp;ssl=1 768w, https:\/\/i0.wp.com\/cdnoticias.com\/wp-content\/uploads\/2021\/05\/Licitaciones-TuVI-2-scaled.jpg?resize=1024%2C684&amp;ssl=1 1024w, https:\/\/i0.wp.com\/cdnoticias.com\/wp-content\/uploads\/2021\/05\/Licitaciones-TuVI-2-scaled.jpg?resize=272%2C182&amp;ssl=1 272w, https:\/\/i0.wp.com\/cdnoticias.com\/wp-content\/uploads\/2021\/05\/Licitaciones-TuVI-2-scaled.jpg?w=1600&amp;ssl=1 1600w, https:\/\/i0.wp.com\/cdnoticias.com\/wp-content\/uploads\/2021\/05\/Licitaciones-TuVI-2-scaled.jpg?w=2400&amp;ssl=1 2400w\" sizes=\"auto, (max-width: 800px) 100vw, 800px\" \/><\/p>\n<p>&nbsp;<\/p>\n<p><strong>Los trabajos comenzaron a fines de junio de 2021<\/strong> y fueron anunciados en una conferencia de prensa en donde se brindaron <a href=\"https:\/\/cdnoticias.com\/index.php\/2021\/06\/26\/lanzaron-el-programa-tu-vi-licitaran-a-los-vecinos-las-primeras-40-viviendas\/\" target=\"_blank\" rel=\"noopener\">detalles del programa.<\/a><\/p>\n<p>&nbsp;<\/p>\n<p>\u201cCreemos que es el inicio de un plan integral de vivienda que se mantenga en el tiempo y las gestiones\u201d, asegur\u00f3, al tiempo que destac\u00f3 que <strong>el programa tendr\u00e1 una inversi\u00f3n total de 100 millones de pesos y 18 meses de plazo de ejecuci\u00f3n para las 40 casas: 20 \u201ctradicionales\u201d y otras 20 \u201cindustrializadas\u201d.<\/strong><\/p>\n<p>&nbsp;<\/p>\n<p><img data-recalc-dims=\"1\" loading=\"lazy\" decoding=\"async\" class=\"aligncenter size-full wp-image-25044\" src=\"https:\/\/i0.wp.com\/cdnoticias.com\/wp-content\/uploads\/2021\/06\/WhatsApp-Image-2021-06-26-at-10.33.17.jpeg?resize=800%2C533&#038;ssl=1\" alt=\"\" width=\"800\" height=\"533\" srcset=\"https:\/\/i0.wp.com\/cdnoticias.com\/wp-content\/uploads\/2021\/06\/WhatsApp-Image-2021-06-26-at-10.33.17.jpeg?w=1280&amp;ssl=1 1280w, https:\/\/i0.wp.com\/cdnoticias.com\/wp-content\/uploads\/2021\/06\/WhatsApp-Image-2021-06-26-at-10.33.17.jpeg?resize=300%2C200&amp;ssl=1 300w, https:\/\/i0.wp.com\/cdnoticias.com\/wp-content\/uploads\/2021\/06\/WhatsApp-Image-2021-06-26-at-10.33.17.jpeg?resize=768%2C512&amp;ssl=1 768w, https:\/\/i0.wp.com\/cdnoticias.com\/wp-content\/uploads\/2021\/06\/WhatsApp-Image-2021-06-26-at-10.33.17.jpeg?resize=1024%2C682&amp;ssl=1 1024w, https:\/\/i0.wp.com\/cdnoticias.com\/wp-content\/uploads\/2021\/06\/WhatsApp-Image-2021-06-26-at-10.33.17.jpeg?resize=272%2C182&amp;ssl=1 272w\" sizes=\"auto, (max-width: 800px) 100vw, 800px\" \/><\/p>\n<p>&nbsp;<\/p>\n<p>En ese contexto, el secretario de Obras P\u00fablicas Julio Ferraro explic\u00f3 que las tradicionales tendr\u00e1n 45m2 de extensi\u00f3n, con una cocina-comedor, dos habitaciones y un ba\u00f1o. \u201cDecidimos que sean viviendas con caracter\u00edsticas simples y con la posibilidad concreta de poder expandirla a una tercera habitaci\u00f3n y crecer tanto hacia delante como a uno de los costados\u201d. La ubicaci\u00f3n en el terreno permitir\u00e1 esas extensiones.<\/p>\n<p>&nbsp;<\/p>\n<p>El techo ser\u00e1 \u201cde un agua de chapa, lo m\u00e1s simple para aquellos que quieran sumar habitaciones no tengan complicaciones\u201d.<\/p>\n<p>&nbsp;<\/p>\n<p><img data-recalc-dims=\"1\" loading=\"lazy\" decoding=\"async\" class=\"aligncenter size-full wp-image-72583\" src=\"https:\/\/i0.wp.com\/cdnoticias.com\/wp-content\/uploads\/2022\/12\/Obras-Recorrida-Tuvis-Tradicionales-2-1024x685-1.jpg?resize=800%2C535&#038;ssl=1\" alt=\"\" width=\"800\" height=\"535\" srcset=\"https:\/\/i0.wp.com\/cdnoticias.com\/wp-content\/uploads\/2022\/12\/Obras-Recorrida-Tuvis-Tradicionales-2-1024x685-1.jpg?w=1024&amp;ssl=1 1024w, https:\/\/i0.wp.com\/cdnoticias.com\/wp-content\/uploads\/2022\/12\/Obras-Recorrida-Tuvis-Tradicionales-2-1024x685-1.jpg?resize=300%2C201&amp;ssl=1 300w, https:\/\/i0.wp.com\/cdnoticias.com\/wp-content\/uploads\/2022\/12\/Obras-Recorrida-Tuvis-Tradicionales-2-1024x685-1.jpg?resize=768%2C514&amp;ssl=1 768w, https:\/\/i0.wp.com\/cdnoticias.com\/wp-content\/uploads\/2022\/12\/Obras-Recorrida-Tuvis-Tradicionales-2-1024x685-1.jpg?resize=272%2C182&amp;ssl=1 272w\" sizes=\"auto, (max-width: 800px) 100vw, 800px\" \/><\/p>\n<p>&nbsp;<\/p>\n<p>Finalmente, en <strong>octubre de 2022<\/strong> <a href=\"https:\/\/cdnoticias.com\/index.php\/2022\/10\/27\/galli-recorrio-las-tuvi-tradicionales-que-estan-en-su-tramo-final-de-obra\/\" target=\"_blank\" rel=\"noopener\">Galli recorri\u00f3 las casas que ya se encontraban en su etapa final.<\/a><\/p>\n<p>&nbsp;<\/p>\n<p>\u201cEstamos muy conformes con el avance de obra de las viviendas. La pol\u00edtica habitacional fue una de nuestras prioridades desde el inicio de nuestra gesti\u00f3n en diciembre de 2015. Sabemos y conocemos la demanda que hay, no s\u00f3lo en Olavarr\u00eda sino tambi\u00e9n en todo el pa\u00eds\u201d, enfatiz\u00f3 el jefe comunal.<\/p>\n<p>&nbsp;<\/p>\n","protected":false},"excerpt":{"rendered":"<p>El acto ser\u00e1 encabezado por el intendente Ezequiel Galli en el barrio Pickelado. Los trabajos comenzaron a fines de junio<\/p>\n","protected":false},"author":5,"featured_media":72918,"comment_status":"closed","ping_status":"closed","sticky":false,"template":"","format":"standard","meta":{"_jetpack_memberships_contains_paid_content":false,"footnotes":""},"categories":[5,1],"tags":[],"class_list":["post-74997","post","type-post","status-publish","format-standard","has-post-thumbnail","hentry","category-informacion-general","category-portada"],"jetpack_featured_media_url":"https:\/\/i0.wp.com\/cdnoticias.com\/wp-content\/uploads\/2022\/12\/TUVI-tradicional.jpg?fit=800%2C445&ssl=1","jetpack_sharing_enabled":true,"_links":{"self":[{"href":"https:\/\/cdnoticias.com\/index.php\/wp-json\/wp\/v2\/posts\/74997","targetHints":{"allow":["GET"]}}],"collection":[{"href":"https:\/\/cdnoticias.com\/index.php\/wp-json\/wp\/v2\/posts"}],"about":[{"href":"https:\/\/cdnoticias.com\/index.php\/wp-json\/wp\/v2\/types\/post"}],"author":[{"embeddable":true,"href":"https:\/\/cdnoticias.com\/index.php\/wp-json\/wp\/v2\/users\/5"}],"replies":[{"embeddable":true,"href":"https:\/\/cdnoticias.com\/index.php\/wp-json\/wp\/v2\/comments?post=74997"}],"version-history":[{"count":0,"href":"https:\/\/cdnoticias.com\/index.php\/wp-json\/wp\/v2\/posts\/74997\/revisions"}],"wp:featuredmedia":[{"embeddable":true,"href":"https:\/\/cdnoticias.com\/index.php\/wp-json\/wp\/v2\/media\/72918"}],"wp:attachment":[{"href":"https:\/\/cdnoticias.com\/index.php\/wp-json\/wp\/v2\/media?parent=74997"}],"wp:term":[{"taxonomy":"category","embeddable":true,"href":"https:\/\/cdnoticias.com\/index.php\/wp-json\/wp\/v2\/categories?post=74997"},{"taxonomy":"post_tag","embeddable":true,"href":"https:\/\/cdnoticias.com\/index.php\/wp-json\/wp\/v2\/tags?post=74997"}],"curies":[{"name":"wp","href":"https:\/\/api.w.org\/{rel}","templated":true}]}}