{"id":74991,"date":"2023-01-20T08:39:15","date_gmt":"2023-01-20T11:39:15","guid":{"rendered":"https:\/\/www.centraldenoticias.com.ar\/?p=74991"},"modified":"2023-01-20T08:48:00","modified_gmt":"2023-01-20T11:48:00","slug":"escuela-57-se-conocio-la-fecha-para-la-licitacion-de-obras","status":"publish","type":"post","link":"https:\/\/cdnoticias.com\/index.php\/2023\/01\/20\/escuela-57-se-conocio-la-fecha-para-la-licitacion-de-obras\/","title":{"rendered":"Escuela 57: se conoci\u00f3 la fecha para la licitaci\u00f3n de obras"},"content":{"rendered":"<p>Los trabajos de ampliaci\u00f3n y refacci\u00f3n de la sede escolar fueron anunciados por el Intendente el mes pasado. Las ofertas se conocer\u00e1n el 8 de febrero.<!--more--><\/p>\n<hr \/>\n<p><strong>En los \u00faltimos d\u00edas de diciembre, el intendente Ezequiel Galli estuvo en la sede de la Escuela Primaria N\u00b0 57<\/strong>, 9 de Julio y Canaveri, donde <a href=\"https:\/\/cdnoticias.com\/index.php\/2022\/12\/23\/el-intendente-anuncio-obras-en-la-escuela-primaria-n-57\/\" target=\"_blank\" rel=\"noopener\">anunci\u00f3 la realizaci\u00f3n de obras de refacci\u00f3n y ampliaci\u00f3n.<\/a><\/p>\n<p>&nbsp;<\/p>\n<p>All\u00ed dialog\u00f3 con el personal del establecimiento educativo y enfatiz\u00f3 su intenci\u00f3n de <strong>\u201cseguir invirtiendo recursos en educaci\u00f3n\u201d.<\/strong><\/p>\n<p>&nbsp;<\/p>\n<p>Tras detallar las obras a realizar, se indic\u00f3 que en breve se abrir\u00eda formalmente la licitaci\u00f3n, lo cual se confirm\u00f3 en los \u00faltimos d\u00edas.<\/p>\n<p>&nbsp;<\/p>\n<p><img data-recalc-dims=\"1\" loading=\"lazy\" decoding=\"async\" class=\"aligncenter wp-image-73127\" src=\"https:\/\/i0.wp.com\/cdnoticias.com\/wp-content\/uploads\/2022\/12\/Obras-Anuncio-Ampliacion-Escuela-N%C2%B057-1-1024x685-1.jpg?resize=800%2C535&#038;ssl=1\" alt=\"\" width=\"800\" height=\"535\" srcset=\"https:\/\/i0.wp.com\/cdnoticias.com\/wp-content\/uploads\/2022\/12\/Obras-Anuncio-Ampliacion-Escuela-N%C2%B057-1-1024x685-1.jpg?w=1024&amp;ssl=1 1024w, https:\/\/i0.wp.com\/cdnoticias.com\/wp-content\/uploads\/2022\/12\/Obras-Anuncio-Ampliacion-Escuela-N%C2%B057-1-1024x685-1.jpg?resize=300%2C201&amp;ssl=1 300w, https:\/\/i0.wp.com\/cdnoticias.com\/wp-content\/uploads\/2022\/12\/Obras-Anuncio-Ampliacion-Escuela-N%C2%B057-1-1024x685-1.jpg?resize=768%2C514&amp;ssl=1 768w, https:\/\/i0.wp.com\/cdnoticias.com\/wp-content\/uploads\/2022\/12\/Obras-Anuncio-Ampliacion-Escuela-N%C2%B057-1-1024x685-1.jpg?resize=272%2C182&amp;ssl=1 272w\" sizes=\"auto, (max-width: 800px) 100vw, 800px\" \/><\/p>\n<p>&nbsp;<\/p>\n<p>La Licitaci\u00f3n P\u00fablica N\u00ba 4\/2023 para \u201cAmpliaci\u00f3n y Refacci\u00f3n en Escuela N\u00ba 57\u201d tiene presupuesto oficial de $40.607.566,65 y <strong>las ofertas se abrir\u00e1n el 8 de febrero a las 11<\/strong> en un acto a realizarse en el Palacio San Mart\u00edn.<\/p>\n<p>&nbsp;<\/p>\n<p>En cuanto a las mejoras para el establecimiento educativo,<strong> se construir\u00e1n dos aulas y tres oficinas.<\/strong> Parte del edificio ser\u00e1 reestructurado, adicionado al sector administrativo, adem\u00e1s de la realizaci\u00f3n de sanitarios para profesores, ba\u00f1o para personas con discapacidad y un dep\u00f3sito.<\/p>\n<p>&nbsp;<\/p>\n<p>A su vez, entre las tareas de reacondicionamiento se incluye la <strong>intervenci\u00f3n sobre cubiertas que presentan problemas de filtraciones<\/strong>. Se prev\u00e9 tambi\u00e9n, una vez finalizadas las obras, la <strong>remodelaci\u00f3n completa de la bater\u00eda de sanitarios existentes<\/strong>. Inclusive, el pliego tambi\u00e9n contempla la <strong>extensi\u00f3n de las veredas<\/strong>, completando as\u00ed la totalidad del frente del establecimiento, adem\u00e1s de la <strong>construcci\u00f3n de una rampa de hormig\u00f3n armado<\/strong>.<\/p>\n<p>&nbsp;<\/p>\n","protected":false},"excerpt":{"rendered":"<p>Los trabajos de ampliaci\u00f3n y refacci\u00f3n de la sede escolar fueron anunciados por el Intendente el mes pasado. Las ofertas<\/p>\n","protected":false},"author":4,"featured_media":74992,"comment_status":"closed","ping_status":"closed","sticky":false,"template":"","format":"standard","meta":{"_jetpack_memberships_contains_paid_content":false,"footnotes":""},"categories":[5,1],"tags":[],"class_list":["post-74991","post","type-post","status-publish","format-standard","has-post-thumbnail","hentry","category-informacion-general","category-portada"],"jetpack_featured_media_url":"https:\/\/i0.wp.com\/cdnoticias.com\/wp-content\/uploads\/2023\/01\/escuela-57.jpg?fit=800%2C445&ssl=1","jetpack_sharing_enabled":true,"_links":{"self":[{"href":"https:\/\/cdnoticias.com\/index.php\/wp-json\/wp\/v2\/posts\/74991","targetHints":{"allow":["GET"]}}],"collection":[{"href":"https:\/\/cdnoticias.com\/index.php\/wp-json\/wp\/v2\/posts"}],"about":[{"href":"https:\/\/cdnoticias.com\/index.php\/wp-json\/wp\/v2\/types\/post"}],"author":[{"embeddable":true,"href":"https:\/\/cdnoticias.com\/index.php\/wp-json\/wp\/v2\/users\/4"}],"replies":[{"embeddable":true,"href":"https:\/\/cdnoticias.com\/index.php\/wp-json\/wp\/v2\/comments?post=74991"}],"version-history":[{"count":0,"href":"https:\/\/cdnoticias.com\/index.php\/wp-json\/wp\/v2\/posts\/74991\/revisions"}],"wp:featuredmedia":[{"embeddable":true,"href":"https:\/\/cdnoticias.com\/index.php\/wp-json\/wp\/v2\/media\/74992"}],"wp:attachment":[{"href":"https:\/\/cdnoticias.com\/index.php\/wp-json\/wp\/v2\/media?parent=74991"}],"wp:term":[{"taxonomy":"category","embeddable":true,"href":"https:\/\/cdnoticias.com\/index.php\/wp-json\/wp\/v2\/categories?post=74991"},{"taxonomy":"post_tag","embeddable":true,"href":"https:\/\/cdnoticias.com\/index.php\/wp-json\/wp\/v2\/tags?post=74991"}],"curies":[{"name":"wp","href":"https:\/\/api.w.org\/{rel}","templated":true}]}}