{"id":74982,"date":"2023-01-18T10:30:13","date_gmt":"2023-01-18T13:30:13","guid":{"rendered":"https:\/\/www.centraldenoticias.com.ar\/?p=74982"},"modified":"2023-01-18T11:03:56","modified_gmt":"2023-01-18T14:03:56","slug":"altas-temperaturas-en-el-centro-del-pais-como-va-a-estar-el-tiempo-en-olavarria","status":"publish","type":"post","link":"https:\/\/cdnoticias.com\/index.php\/2023\/01\/18\/altas-temperaturas-en-el-centro-del-pais-como-va-a-estar-el-tiempo-en-olavarria\/","title":{"rendered":"Altas temperaturas en el centro del pa\u00eds: \u00bfc\u00f3mo va a estar el tiempo en Olavarr\u00eda?"},"content":{"rendered":"<p>Se mantiene la alerta amarilla en toda la regi\u00f3n. Probabilidad de lluvias y el calor que no afloja.<!--more--><\/p>\n<hr \/>\n<p>Gran parte del centro y norte tienen m\u00e1ximas pronosticadas entre los 35 y 40 grados, por lo que el Servicio Meteorol\u00f3gico Nacional <strong>mantiene la alerta amarilla por altas temperaturas para localidades de diez provincias de esas regiones.\u00a0<\/strong><\/p>\n<p>&nbsp;<\/p>\n<p>La alerta por temperatura que implican un \u201cefecto leve a moderado en la salud\u201d tambi\u00e9n se extiende al <strong>norte y centro de la provincia de Buenos Aires; el centro y este de C\u00f3rdoba; la Ciudad de Buenos Aires; y a la mayor parte de Corrientes y Santiago del Estero<\/strong>, donde se prev\u00e9 una m\u00e1xima de 40 grados en la capital provincial.<\/p>\n<p>&nbsp;<\/p>\n<p>En la <strong>Patagonia<\/strong>, la \u00fanica provincia bajo alerta por temperaturas extremas es Santa Cruz, en las zonas cordilleranas y en las mesetas de Lago Buenos Aires y R\u00edo Chico, con m\u00e1ximas cercanas a los 25 grados.<\/p>\n<p>&nbsp;<\/p>\n<p><img data-recalc-dims=\"1\" loading=\"lazy\" decoding=\"async\" class=\"aligncenter size-full wp-image-74986\" src=\"https:\/\/i0.wp.com\/cdnoticias.com\/wp-content\/uploads\/2023\/01\/pronostico-18-1-233.png?resize=553%2C259&#038;ssl=1\" alt=\"\" width=\"553\" height=\"259\" srcset=\"https:\/\/i0.wp.com\/cdnoticias.com\/wp-content\/uploads\/2023\/01\/pronostico-18-1-233.png?w=553&amp;ssl=1 553w, https:\/\/i0.wp.com\/cdnoticias.com\/wp-content\/uploads\/2023\/01\/pronostico-18-1-233.png?resize=300%2C141&amp;ssl=1 300w\" sizes=\"auto, (max-width: 553px) 100vw, 553px\" \/><\/p>\n<p>&nbsp;<\/p>\n<p><strong>El tiempo en Olavarr\u00eda<\/strong><\/p>\n<p>&nbsp;<\/p>\n<p>En nuestra ciudad y la regi\u00f3n se mantiene la alerta amarilla por altas temperaturas. Para este <strong>mi\u00e9rcoles<\/strong> se espera una temperatura m\u00e1xima de 31\u00b0. Adem\u00e1s, se anticiparon chaparrones durante toda la jornada.<\/p>\n<p>&nbsp;<\/p>\n<blockquote><p>Por otra parte, el jueves la m\u00e1xima trepar\u00e1 a los 33\u00b0 y la m\u00ednima se ubicar\u00e1 en los 20\u00b0. El cielo algo nublado durante todo el d\u00eda.<\/p><\/blockquote>\n<p>&nbsp;<\/p>\n<p>El <strong>viernes<\/strong>, se anticipan tormentas aisladas tanto para la ma\u00f1ana como para la tarde y noche. La temperatura m\u00e1xima ser\u00e1 de 29\u00b0 y la m\u00ednima de 20\u00b0.<\/p>\n<p>&nbsp;<\/p>\n<p><img data-recalc-dims=\"1\" loading=\"lazy\" decoding=\"async\" class=\"aligncenter size-full wp-image-74985\" src=\"https:\/\/i0.wp.com\/cdnoticias.com\/wp-content\/uploads\/2023\/01\/mapa_temp_extremas-1.png?resize=472%2C800&#038;ssl=1\" alt=\"\" width=\"472\" height=\"800\" srcset=\"https:\/\/i0.wp.com\/cdnoticias.com\/wp-content\/uploads\/2023\/01\/mapa_temp_extremas-1.png?w=472&amp;ssl=1 472w, https:\/\/i0.wp.com\/cdnoticias.com\/wp-content\/uploads\/2023\/01\/mapa_temp_extremas-1.png?resize=177%2C300&amp;ssl=1 177w\" sizes=\"auto, (max-width: 472px) 100vw, 472px\" \/><\/p>\n<p>&nbsp;<\/p>\n<p><strong>\u00bfOla de calor? <\/strong><\/p>\n<p>&nbsp;<\/p>\n<p>Entrada la segunda quincena de enero el centro del pa\u00eds se encuentra bajo altas temperaturas que <strong>anteceden, en algunas ciudades, una ola de calor,<\/strong> ya que prevalecen las temperaturas superiores a 30 grados.<\/p>\n<p>&nbsp;<\/p>\n<blockquote><p>Para que se produzca una ola de calor durante tres d\u00edas consecutivos la m\u00ednima no puede ser inferior a 22,3\u00b0 y la m\u00e1xima tiene que ser superior a los 32,3\u00b0.<\/p><\/blockquote>\n<p>&nbsp;<\/p>\n<p>Cindy Fern\u00e1ndez, del SMN explic\u00f3 que <strong>\u201cno hay \u00e1reas bajo ola de calor a nivel pa\u00eds, pero s\u00ed hay algunas ciudades del centro que hoy (por el martes) empiezan a sumar d\u00edas\u201d<\/strong> que se encuadran dentro de los umbrales de ola de calor \u201cy tambi\u00e9n tienen chance de que a lo largo de la semana ingresen\u201d dentro de un fen\u00f3meno de este tipo.<\/p>\n","protected":false},"excerpt":{"rendered":"<p>Se mantiene la alerta amarilla en toda la regi\u00f3n. Probabilidad de lluvias y el calor que no afloja.<\/p>\n","protected":false},"author":5,"featured_media":74983,"comment_status":"closed","ping_status":"closed","sticky":false,"template":"","format":"standard","meta":{"_jetpack_memberships_contains_paid_content":false,"footnotes":""},"categories":[5,1],"tags":[],"class_list":["post-74982","post","type-post","status-publish","format-standard","has-post-thumbnail","hentry","category-informacion-general","category-portada"],"jetpack_featured_media_url":"https:\/\/i0.wp.com\/cdnoticias.com\/wp-content\/uploads\/2023\/01\/argentina-satelital.jpg?fit=1267%2C705&ssl=1","jetpack_sharing_enabled":true,"_links":{"self":[{"href":"https:\/\/cdnoticias.com\/index.php\/wp-json\/wp\/v2\/posts\/74982","targetHints":{"allow":["GET"]}}],"collection":[{"href":"https:\/\/cdnoticias.com\/index.php\/wp-json\/wp\/v2\/posts"}],"about":[{"href":"https:\/\/cdnoticias.com\/index.php\/wp-json\/wp\/v2\/types\/post"}],"author":[{"embeddable":true,"href":"https:\/\/cdnoticias.com\/index.php\/wp-json\/wp\/v2\/users\/5"}],"replies":[{"embeddable":true,"href":"https:\/\/cdnoticias.com\/index.php\/wp-json\/wp\/v2\/comments?post=74982"}],"version-history":[{"count":0,"href":"https:\/\/cdnoticias.com\/index.php\/wp-json\/wp\/v2\/posts\/74982\/revisions"}],"wp:featuredmedia":[{"embeddable":true,"href":"https:\/\/cdnoticias.com\/index.php\/wp-json\/wp\/v2\/media\/74983"}],"wp:attachment":[{"href":"https:\/\/cdnoticias.com\/index.php\/wp-json\/wp\/v2\/media?parent=74982"}],"wp:term":[{"taxonomy":"category","embeddable":true,"href":"https:\/\/cdnoticias.com\/index.php\/wp-json\/wp\/v2\/categories?post=74982"},{"taxonomy":"post_tag","embeddable":true,"href":"https:\/\/cdnoticias.com\/index.php\/wp-json\/wp\/v2\/tags?post=74982"}],"curies":[{"name":"wp","href":"https:\/\/api.w.org\/{rel}","templated":true}]}}