{"id":74979,"date":"2023-01-18T08:28:43","date_gmt":"2023-01-18T11:28:43","guid":{"rendered":"https:\/\/www.centraldenoticias.com.ar\/?p=74979"},"modified":"2023-01-18T10:35:03","modified_gmt":"2023-01-18T13:35:03","slug":"violencia-de-genero-aprehendido-por-incumplir-una-restriccion-judicial","status":"publish","type":"post","link":"https:\/\/cdnoticias.com\/index.php\/2023\/01\/18\/violencia-de-genero-aprehendido-por-incumplir-una-restriccion-judicial\/","title":{"rendered":"Violencia de g\u00e9nero: aprehendido por incumplir una restricci\u00f3n judicial"},"content":{"rendered":"<p>Es un joven de 25 a\u00f1os, hallado en Merlo al 1000. El acusado fue aprehendido por personal del Comando de Patrullas.<\/p>\n<p><!--more--><\/p>\n<hr \/>\n<p><strong>Un joven fue aprehendido por haber quebrantado medidas judiciales<\/strong> dispuestas por <strong>violencia de g\u00e9nero<\/strong> en perjuicio de su ex pareja.<\/p>\n<p>&nbsp;<\/p>\n<p>Seg\u00fan se inform\u00f3, el personal del Comando de Patrullas fue convocado a trav\u00e9s del 911 a calle <strong>Merlo al 1000<\/strong>.<\/p>\n<p>&nbsp;<\/p>\n<p>All\u00ed fue aprehendido un <strong>hombre de 25 a\u00f1os<\/strong> quien se encontraba <strong>fuera del domicilio de su ex pareja<\/strong> con quien posee <strong>prohibici\u00f3n\u00a0de acercamiento<\/strong>.<\/p>\n<p>&nbsp;<\/p>\n<blockquote><p>El acusado fue identificado y se confirm\u00f3 que hab\u00eda quebrantado las medidas cautelares \u00a0interpuestas por el Juzgado de Familia N\u00b0 2 de Olavarr\u00eda: prohibici\u00f3n de acercamiento y per\u00edmetro de exclusi\u00f3n, entre otras.<\/p><\/blockquote>\n<p>&nbsp;<\/p>\n<p>El acusado fue trasladado y alojado a la sede de la Comisaria Primera, se iniciaron<strong> actuaciones por &#8220;desobediencia&#8221;<\/strong> a disposici\u00f3n de la UFI N\u00ba 5 especializada en violencia familiar y de g\u00e9nero a cargo de la fiscal Viviana Beyt\u00eda.<\/p>\n<p>&nbsp;<\/p>\n","protected":false},"excerpt":{"rendered":"<p>Es un joven de 25 a\u00f1os, hallado en Merlo al 1000. El acusado fue aprehendido por personal del Comando de<\/p>\n","protected":false},"author":4,"featured_media":74980,"comment_status":"closed","ping_status":"closed","sticky":false,"template":"","format":"standard","meta":{"_jetpack_memberships_contains_paid_content":false,"footnotes":""},"categories":[14,1],"tags":[],"class_list":["post-74979","post","type-post","status-publish","format-standard","has-post-thumbnail","hentry","category-policiales","category-portada"],"jetpack_featured_media_url":"https:\/\/i0.wp.com\/cdnoticias.com\/wp-content\/uploads\/2023\/01\/aprehendido-merlo-al-1000.jpg?fit=800%2C446&ssl=1","jetpack_sharing_enabled":true,"_links":{"self":[{"href":"https:\/\/cdnoticias.com\/index.php\/wp-json\/wp\/v2\/posts\/74979","targetHints":{"allow":["GET"]}}],"collection":[{"href":"https:\/\/cdnoticias.com\/index.php\/wp-json\/wp\/v2\/posts"}],"about":[{"href":"https:\/\/cdnoticias.com\/index.php\/wp-json\/wp\/v2\/types\/post"}],"author":[{"embeddable":true,"href":"https:\/\/cdnoticias.com\/index.php\/wp-json\/wp\/v2\/users\/4"}],"replies":[{"embeddable":true,"href":"https:\/\/cdnoticias.com\/index.php\/wp-json\/wp\/v2\/comments?post=74979"}],"version-history":[{"count":0,"href":"https:\/\/cdnoticias.com\/index.php\/wp-json\/wp\/v2\/posts\/74979\/revisions"}],"wp:featuredmedia":[{"embeddable":true,"href":"https:\/\/cdnoticias.com\/index.php\/wp-json\/wp\/v2\/media\/74980"}],"wp:attachment":[{"href":"https:\/\/cdnoticias.com\/index.php\/wp-json\/wp\/v2\/media?parent=74979"}],"wp:term":[{"taxonomy":"category","embeddable":true,"href":"https:\/\/cdnoticias.com\/index.php\/wp-json\/wp\/v2\/categories?post=74979"},{"taxonomy":"post_tag","embeddable":true,"href":"https:\/\/cdnoticias.com\/index.php\/wp-json\/wp\/v2\/tags?post=74979"}],"curies":[{"name":"wp","href":"https:\/\/api.w.org\/{rel}","templated":true}]}}