{"id":74976,"date":"2023-01-18T10:02:37","date_gmt":"2023-01-18T13:02:37","guid":{"rendered":"https:\/\/www.centraldenoticias.com.ar\/?p=74976"},"modified":"2023-01-18T10:09:26","modified_gmt":"2023-01-18T13:09:26","slug":"expectativa-en-diputados-por-la-convocatoria-para-sesiones-extraordinarias","status":"publish","type":"post","link":"https:\/\/cdnoticias.com\/index.php\/2023\/01\/18\/expectativa-en-diputados-por-la-convocatoria-para-sesiones-extraordinarias\/","title":{"rendered":"Expectativa en Diputados por la convocatoria para sesiones extraordinarias"},"content":{"rendered":"<p>Referentes del bloque oficialista y de la oposici\u00f3n se expresaron sobre el llamado del Poder Ejecutivo, ante la necesidad de tratar proyectos que den respuesta a problem\u00e1ticas sociales.<!--more--><\/p>\n<hr \/>\n<p>Desde la C\u00e1mara de Diputados, presidida por Cecilia Moreau, representantes del bloque oficialista y los de la oposici\u00f3n ya se manifiestan en relaci\u00f3n a la convocatoria y al temario propuesto por el Poder Ejecutivo Nacional para el per\u00edodo extraordinario que arranca el lunes 23 de enero.<\/p>\n<p>&nbsp;<\/p>\n<p>Al respecto, <strong>Mabel Caparr\u00f3s, legisladora FDT por Santa Cruz<\/strong>, sostuvo: &#8220;Me parece bien, hay una cantidad de temas para dar batalla a la situaci\u00f3n econ\u00f3mica y al proceso inflacionario que estamos teniendo. Necesitamos seguir sesionando. Esperamos r\u00e1pidamente poder retomar la actividad en la C\u00e1mara de Diputados de la Naci\u00f3n. Hay muchos temas que la gente est\u00e1 esperando&#8221;.<\/p>\n<p>&nbsp;<\/p>\n<div class=\"jetpack-video-wrapper\"><iframe loading=\"lazy\" title=\"Expectativa en Diputados por la convocatoria para sesiones extraordinarias\" width=\"800\" height=\"450\" src=\"https:\/\/www.youtube.com\/embed\/BMthHnKccr8?feature=oembed\" frameborder=\"0\" allow=\"accelerometer; autoplay; clipboard-write; encrypted-media; gyroscope; picture-in-picture; web-share\" allowfullscreen><\/iframe><\/div>\n<p>&nbsp;<\/p>\n<p>Por su parte,<strong> Jorge Vara, del Bloque UCR<\/strong>, se\u00f1al\u00f3: &#8220;Estamos preparados para acudir y para discutir lo que haya que discutir. Si los temas que se est\u00e1n mencionando llegan al recinto, vamos a participar&#8221;.<\/p>\n<p>&nbsp;<\/p>\n<p>&#8220;Adem\u00e1s estamos preparados para darle explicaciones a la ciudadan\u00eda, que nos ha dado nuestro mandato, sobre los proyectos que debatimos&#8221;, finaliz\u00f3 Vara.<\/p>\n<p>&nbsp;<\/p>\n<div class=\"jetpack-video-wrapper\"><iframe loading=\"lazy\" title=\"Expectativa en Diputados por la convocatoria para sesiones extraordinarias\" width=\"800\" height=\"450\" src=\"https:\/\/www.youtube.com\/embed\/aljLEYL2XqM?feature=oembed\" frameborder=\"0\" allow=\"accelerometer; autoplay; clipboard-write; encrypted-media; gyroscope; picture-in-picture; web-share\" allowfullscreen><\/iframe><\/div>\n","protected":false},"excerpt":{"rendered":"<p>Referentes del bloque oficialista y de la oposici\u00f3n se expresaron sobre el llamado del Poder Ejecutivo, ante la necesidad de<\/p>\n","protected":false},"author":5,"featured_media":72333,"comment_status":"closed","ping_status":"closed","sticky":false,"template":"","format":"standard","meta":{"_jetpack_memberships_contains_paid_content":false,"footnotes":""},"categories":[6,1],"tags":[],"class_list":["post-74976","post","type-post","status-publish","format-standard","has-post-thumbnail","hentry","category-nacionales","category-portada"],"jetpack_featured_media_url":"https:\/\/i0.wp.com\/cdnoticias.com\/wp-content\/uploads\/2022\/12\/diputados00.jpg?fit=880%2C495&ssl=1","jetpack_sharing_enabled":true,"_links":{"self":[{"href":"https:\/\/cdnoticias.com\/index.php\/wp-json\/wp\/v2\/posts\/74976","targetHints":{"allow":["GET"]}}],"collection":[{"href":"https:\/\/cdnoticias.com\/index.php\/wp-json\/wp\/v2\/posts"}],"about":[{"href":"https:\/\/cdnoticias.com\/index.php\/wp-json\/wp\/v2\/types\/post"}],"author":[{"embeddable":true,"href":"https:\/\/cdnoticias.com\/index.php\/wp-json\/wp\/v2\/users\/5"}],"replies":[{"embeddable":true,"href":"https:\/\/cdnoticias.com\/index.php\/wp-json\/wp\/v2\/comments?post=74976"}],"version-history":[{"count":0,"href":"https:\/\/cdnoticias.com\/index.php\/wp-json\/wp\/v2\/posts\/74976\/revisions"}],"wp:featuredmedia":[{"embeddable":true,"href":"https:\/\/cdnoticias.com\/index.php\/wp-json\/wp\/v2\/media\/72333"}],"wp:attachment":[{"href":"https:\/\/cdnoticias.com\/index.php\/wp-json\/wp\/v2\/media?parent=74976"}],"wp:term":[{"taxonomy":"category","embeddable":true,"href":"https:\/\/cdnoticias.com\/index.php\/wp-json\/wp\/v2\/categories?post=74976"},{"taxonomy":"post_tag","embeddable":true,"href":"https:\/\/cdnoticias.com\/index.php\/wp-json\/wp\/v2\/tags?post=74976"}],"curies":[{"name":"wp","href":"https:\/\/api.w.org\/{rel}","templated":true}]}}