{"id":74970,"date":"2023-01-18T07:48:12","date_gmt":"2023-01-18T10:48:12","guid":{"rendered":"https:\/\/www.centraldenoticias.com.ar\/?p=74970"},"modified":"2023-01-18T07:48:12","modified_gmt":"2023-01-18T10:48:12","slug":"roberto-edgardo-pasucci-pachu-q-e-p-d","status":"publish","type":"post","link":"https:\/\/cdnoticias.com\/index.php\/2023\/01\/18\/roberto-edgardo-pasucci-pachu-q-e-p-d\/","title":{"rendered":"Roberto Edgardo Pasucci \u201cPachu\u201d (Q.E.P.D.)"},"content":{"rendered":"<p>Falleci\u00f3 en Olavarr\u00eda el 18 de enero de 2023 a los 70 a\u00f1os de edad. Sus hermanos Oscar, Alberto y Hugo; sus hermanas pol\u00edticas Graciela, Graciela S. y Mari; sus sobrinos Gisela, Carla, Romina, Ornela, Nicol\u00e1s, Ariel y Daniela Pasucci y dem\u00e1s deudos participan de su fallecimiento.<\/p>\n<p>&nbsp;<\/p>\n<p>Sus restos ser\u00e1n velados en Espa\u00f1a 2942 departamento &#8221;D&#8221; (abre a las 9:00) y ser\u00e1n inhumados en el cementerio Loma de Paz el jueves 19 de enero a las 8:30, previo responso en la capilla ardiente. Servicio adherido a Coopelectric. Vecino de barrio Sarmiento. Nacido en Bol\u00edvar. Jubilado.<\/p>\n","protected":false},"excerpt":{"rendered":"<p>Falleci\u00f3 en Olavarr\u00eda el 18 de enero de 2023 a los 70 a\u00f1os de edad. Sus hermanos Oscar, Alberto y<\/p>\n","protected":false},"author":5,"featured_media":67646,"comment_status":"closed","ping_status":"closed","sticky":false,"template":"","format":"standard","meta":{"_jetpack_memberships_contains_paid_content":false,"footnotes":""},"categories":[10],"tags":[],"class_list":["post-74970","post","type-post","status-publish","format-standard","has-post-thumbnail","hentry","category-necrologicas"],"jetpack_featured_media_url":"https:\/\/i0.wp.com\/cdnoticias.com\/wp-content\/uploads\/2022\/10\/necrologicas-390-x-240.jpg?fit=390%2C240&ssl=1","jetpack_sharing_enabled":true,"_links":{"self":[{"href":"https:\/\/cdnoticias.com\/index.php\/wp-json\/wp\/v2\/posts\/74970","targetHints":{"allow":["GET"]}}],"collection":[{"href":"https:\/\/cdnoticias.com\/index.php\/wp-json\/wp\/v2\/posts"}],"about":[{"href":"https:\/\/cdnoticias.com\/index.php\/wp-json\/wp\/v2\/types\/post"}],"author":[{"embeddable":true,"href":"https:\/\/cdnoticias.com\/index.php\/wp-json\/wp\/v2\/users\/5"}],"replies":[{"embeddable":true,"href":"https:\/\/cdnoticias.com\/index.php\/wp-json\/wp\/v2\/comments?post=74970"}],"version-history":[{"count":0,"href":"https:\/\/cdnoticias.com\/index.php\/wp-json\/wp\/v2\/posts\/74970\/revisions"}],"wp:featuredmedia":[{"embeddable":true,"href":"https:\/\/cdnoticias.com\/index.php\/wp-json\/wp\/v2\/media\/67646"}],"wp:attachment":[{"href":"https:\/\/cdnoticias.com\/index.php\/wp-json\/wp\/v2\/media?parent=74970"}],"wp:term":[{"taxonomy":"category","embeddable":true,"href":"https:\/\/cdnoticias.com\/index.php\/wp-json\/wp\/v2\/categories?post=74970"},{"taxonomy":"post_tag","embeddable":true,"href":"https:\/\/cdnoticias.com\/index.php\/wp-json\/wp\/v2\/tags?post=74970"}],"curies":[{"name":"wp","href":"https:\/\/api.w.org\/{rel}","templated":true}]}}