{"id":74930,"date":"2023-01-17T10:18:28","date_gmt":"2023-01-17T13:18:28","guid":{"rendered":"https:\/\/www.centraldenoticias.com.ar\/?p=74930"},"modified":"2023-01-17T10:18:28","modified_gmt":"2023-01-17T13:18:28","slug":"corsos-oficiales-mas-de-20-instituciones-inscriptas-el-primer-dia","status":"publish","type":"post","link":"https:\/\/cdnoticias.com\/index.php\/2023\/01\/17\/corsos-oficiales-mas-de-20-instituciones-inscriptas-el-primer-dia\/","title":{"rendered":"Corsos Oficiales: m\u00e1s de 20 instituciones inscriptas el primer d\u00eda"},"content":{"rendered":"<p>Hasta el 27 de enero hay tiempo para que las instituciones confirmen su presencia en el evento que se realizar\u00e1 del 10 al 12 de febrero.<!--more--><\/p>\n<hr \/>\n<p>Desde la Subsecretar\u00eda de Cultura de la Municipalidad de Olavarr\u00eda se detall\u00f3 que <strong>en un d\u00eda m\u00e1s de 20 instituciones confirmaron su presencia en los Corsos Oficiales<\/strong>, que se llevar\u00e1 a cabo los d\u00edas 10, 11 y 12 de febrero.<\/p>\n<p>&nbsp;<\/p>\n<p>Es que el \u00faltimo lunes comenz\u00f3 el plazo de inscripci\u00f3n para aquellas entidades que quieran ser parte con<strong> puestos de comida, ventas de espuma y alquiler de sillas.<\/strong><\/p>\n<p>&nbsp;<\/p>\n<p>Al respecto, se record\u00f3 que aquellas instituciones interesadas en sumarse tendr\u00e1n tiempo <strong>hasta el pr\u00f3ximo 27 de enero inclusive<\/strong>, pudi\u00e9ndolo hacer <strong>de lunes a viernes de 8 a 13 horas en la Casa de la Cultura<\/strong>, ubicada sobre Coronel Su\u00e1rez 2924.<\/p>\n<p>&nbsp;<\/p>\n<p>La convocatoria es a <strong>entidades de bien p\u00fablico que est\u00e9n debidamente acreditadas<\/strong>, clubes de madres y asociaciones cooperadoras, sociedades de fomento, juntas vecinales, agrupaciones tradicionalistas, etc\u00e9tera.<\/p>\n<p>&nbsp;<\/p>\n<p>Se recuerda, adem\u00e1s, que deber\u00e1n concurrir con una nota firmada por el representante de la instituci\u00f3n por la cual participan, as\u00ed como tambi\u00e9n la documentaci\u00f3n que avale a la instituci\u00f3n. Se informa tambi\u00e9n que <strong>habr\u00e1 cupo limitado<\/strong> y que se respetar\u00e1 el orden de inscripci\u00f3n.<\/p>\n","protected":false},"excerpt":{"rendered":"<p>Hasta el 27 de enero hay tiempo para que las instituciones confirmen su presencia en el evento que se realizar\u00e1<\/p>\n","protected":false},"author":5,"featured_media":47757,"comment_status":"closed","ping_status":"closed","sticky":false,"template":"","format":"standard","meta":{"_jetpack_memberships_contains_paid_content":false,"footnotes":""},"categories":[5,1],"tags":[],"class_list":["post-74930","post","type-post","status-publish","format-standard","has-post-thumbnail","hentry","category-informacion-general","category-portada"],"jetpack_featured_media_url":"https:\/\/i0.wp.com\/cdnoticias.com\/wp-content\/uploads\/2022\/03\/Corsos2.jpg?fit=1280%2C712&ssl=1","jetpack_sharing_enabled":true,"_links":{"self":[{"href":"https:\/\/cdnoticias.com\/index.php\/wp-json\/wp\/v2\/posts\/74930","targetHints":{"allow":["GET"]}}],"collection":[{"href":"https:\/\/cdnoticias.com\/index.php\/wp-json\/wp\/v2\/posts"}],"about":[{"href":"https:\/\/cdnoticias.com\/index.php\/wp-json\/wp\/v2\/types\/post"}],"author":[{"embeddable":true,"href":"https:\/\/cdnoticias.com\/index.php\/wp-json\/wp\/v2\/users\/5"}],"replies":[{"embeddable":true,"href":"https:\/\/cdnoticias.com\/index.php\/wp-json\/wp\/v2\/comments?post=74930"}],"version-history":[{"count":0,"href":"https:\/\/cdnoticias.com\/index.php\/wp-json\/wp\/v2\/posts\/74930\/revisions"}],"wp:featuredmedia":[{"embeddable":true,"href":"https:\/\/cdnoticias.com\/index.php\/wp-json\/wp\/v2\/media\/47757"}],"wp:attachment":[{"href":"https:\/\/cdnoticias.com\/index.php\/wp-json\/wp\/v2\/media?parent=74930"}],"wp:term":[{"taxonomy":"category","embeddable":true,"href":"https:\/\/cdnoticias.com\/index.php\/wp-json\/wp\/v2\/categories?post=74930"},{"taxonomy":"post_tag","embeddable":true,"href":"https:\/\/cdnoticias.com\/index.php\/wp-json\/wp\/v2\/tags?post=74930"}],"curies":[{"name":"wp","href":"https:\/\/api.w.org\/{rel}","templated":true}]}}