{"id":74919,"date":"2023-01-17T08:18:48","date_gmt":"2023-01-17T11:18:48","guid":{"rendered":"https:\/\/www.centraldenoticias.com.ar\/?p=74919"},"modified":"2023-01-17T12:15:42","modified_gmt":"2023-01-17T15:15:42","slug":"a-partir-de-la-proxima-semana-el-transporte-interurbano-ingresara-al-barrio-aoma","status":"publish","type":"post","link":"https:\/\/cdnoticias.com\/index.php\/2023\/01\/17\/a-partir-de-la-proxima-semana-el-transporte-interurbano-ingresara-al-barrio-aoma\/","title":{"rendered":"A partir de la pr\u00f3xima semana, el transporte Interurbano ingresar\u00e1 al barrio AOMA"},"content":{"rendered":"<p>Se aplicar\u00e1 en principio para la L\u00ednea 509, que comunica Olavarr\u00eda con Loma Negra. Indicaron que la ampliaci\u00f3n del recorrido es posible gracias a la reciente pavimentaci\u00f3n.<!--more--><\/p>\n<hr \/>\n<p>En la jornada del lunes se concret\u00f3 en el Sal\u00f3n Blanco de la Municipalidad de Olavarr\u00eda una reuni\u00f3n en la que se acord\u00f3 que<strong> a partir de la pr\u00f3xima semana el transporte interurbano ingresar\u00e1 al barrio AOMA.<\/strong> Indicaron que el servicio puede garantizarse \u201cgracias a las <a href=\"https:\/\/cdnoticias.com\/index.php\/2022\/12\/02\/inauguraron-la-obra-de-pavimento-en-barrio-aoma\/\" target=\"_blank\" rel=\"noopener\">obras de pavimentaci\u00f3n que fueron inauguradas recientemente<\/a> por el intendente municipal Ezequiel Galli\u201d.<\/p>\n<p>&nbsp;<\/p>\n<p>El encuentro fue protagonizado por <strong>Marcelo y Germ\u00e1n Da Silva, responsables de la firma \u201cLas Sierras de Olavarr\u00eda SRL\u201d, Walter Vega en representaci\u00f3n de la Sociedad de Fomento Von Bernard del barrio AOMA, y Enzo Russo por parte de la Secretar\u00eda de Gobierno<\/strong> de la Municipalidad de Olavarr\u00eda.<\/p>\n<p>&nbsp;<\/p>\n<p><img data-recalc-dims=\"1\" loading=\"lazy\" decoding=\"async\" class=\"aligncenter size-full wp-image-74921\" src=\"https:\/\/i0.wp.com\/cdnoticias.com\/wp-content\/uploads\/2023\/01\/Reunion-Transporte-Barrio-Aoma-1024x683-1.jpg?resize=800%2C445&#038;ssl=1\" alt=\"\" width=\"800\" height=\"445\" srcset=\"https:\/\/i0.wp.com\/cdnoticias.com\/wp-content\/uploads\/2023\/01\/Reunion-Transporte-Barrio-Aoma-1024x683-1.jpg?w=1024&amp;ssl=1 1024w, https:\/\/i0.wp.com\/cdnoticias.com\/wp-content\/uploads\/2023\/01\/Reunion-Transporte-Barrio-Aoma-1024x683-1.jpg?resize=300%2C167&amp;ssl=1 300w, https:\/\/i0.wp.com\/cdnoticias.com\/wp-content\/uploads\/2023\/01\/Reunion-Transporte-Barrio-Aoma-1024x683-1.jpg?resize=768%2C428&amp;ssl=1 768w, https:\/\/i0.wp.com\/cdnoticias.com\/wp-content\/uploads\/2023\/01\/Reunion-Transporte-Barrio-Aoma-1024x683-1.jpg?resize=800%2C445&amp;ssl=1 800w\" sizes=\"auto, (max-width: 800px) 100vw, 800px\" \/><\/p>\n<p>&nbsp;<\/p>\n<p>Se expres\u00f3 que la ampliaci\u00f3n del recorrido se aplicar\u00e1 en principio para la<strong> L\u00ednea 509, que comunica Olavarr\u00eda con Loma Negra.<\/strong><\/p>\n<p>&nbsp;<\/p>\n<blockquote><p>Al respecto, se detall\u00f3 que los servicios que ingresar\u00e1n al mencionado barrio ser\u00e1n los siguientes: Desde Loma Negra, los que salen a las 7, 8, 10, 12, 16 y 20 horas. Desde Olavarr\u00eda, los que salen a las 9, 11, 12 y 21 horas.<\/p><\/blockquote>\n<p>&nbsp;<\/p>\n<p>A la par, se aclar\u00f3 que se tratar\u00e1 tambi\u00e9n de una <strong>prueba piloto<\/strong> que permitir\u00e1 conocer la demanda para ver si es necesaria la implementaci\u00f3n de m\u00e1s servicios y horarios.<\/p>\n<p>&nbsp;<\/p>\n<p>El nuevo recorrido contempla el<strong> ingreso al barrio por 231 bis, para luego retomar las calles Bol\u00edvar, Juan Manuel de Rosas, General Paz, Teniente Barcal\u00e1, Bol\u00edvar y Dr. Carlos Moreno.<\/strong><\/p>\n<p>&nbsp;<\/p>\n<p>En tanto, ser\u00e1n tres las paradas: <strong>Bol\u00edvar y Dr. Carlos Moreno, Barcal\u00e1 y Blanca Grande y, por \u00faltimo, en Barcal\u00e1 y General Paz.<\/strong><\/p>\n<p>&nbsp;<\/p>\n","protected":false},"excerpt":{"rendered":"<p>Se aplicar\u00e1 en principio para la L\u00ednea 509, que comunica Olavarr\u00eda con Loma Negra. Indicaron que la ampliaci\u00f3n del recorrido<\/p>\n","protected":false},"author":5,"featured_media":64805,"comment_status":"closed","ping_status":"closed","sticky":false,"template":"","format":"standard","meta":{"_jetpack_memberships_contains_paid_content":false,"footnotes":""},"categories":[5,1],"tags":[],"class_list":["post-74919","post","type-post","status-publish","format-standard","has-post-thumbnail","hentry","category-informacion-general","category-portada"],"jetpack_featured_media_url":"https:\/\/i0.wp.com\/cdnoticias.com\/wp-content\/uploads\/2022\/09\/transporte-las-sierras-colectivo-00.jpg?fit=800%2C445&ssl=1","jetpack_sharing_enabled":true,"_links":{"self":[{"href":"https:\/\/cdnoticias.com\/index.php\/wp-json\/wp\/v2\/posts\/74919","targetHints":{"allow":["GET"]}}],"collection":[{"href":"https:\/\/cdnoticias.com\/index.php\/wp-json\/wp\/v2\/posts"}],"about":[{"href":"https:\/\/cdnoticias.com\/index.php\/wp-json\/wp\/v2\/types\/post"}],"author":[{"embeddable":true,"href":"https:\/\/cdnoticias.com\/index.php\/wp-json\/wp\/v2\/users\/5"}],"replies":[{"embeddable":true,"href":"https:\/\/cdnoticias.com\/index.php\/wp-json\/wp\/v2\/comments?post=74919"}],"version-history":[{"count":0,"href":"https:\/\/cdnoticias.com\/index.php\/wp-json\/wp\/v2\/posts\/74919\/revisions"}],"wp:featuredmedia":[{"embeddable":true,"href":"https:\/\/cdnoticias.com\/index.php\/wp-json\/wp\/v2\/media\/64805"}],"wp:attachment":[{"href":"https:\/\/cdnoticias.com\/index.php\/wp-json\/wp\/v2\/media?parent=74919"}],"wp:term":[{"taxonomy":"category","embeddable":true,"href":"https:\/\/cdnoticias.com\/index.php\/wp-json\/wp\/v2\/categories?post=74919"},{"taxonomy":"post_tag","embeddable":true,"href":"https:\/\/cdnoticias.com\/index.php\/wp-json\/wp\/v2\/tags?post=74919"}],"curies":[{"name":"wp","href":"https:\/\/api.w.org\/{rel}","templated":true}]}}