{"id":74915,"date":"2023-01-16T20:25:33","date_gmt":"2023-01-16T23:25:33","guid":{"rendered":"https:\/\/www.centraldenoticias.com.ar\/?p=74915"},"modified":"2023-01-16T20:25:33","modified_gmt":"2023-01-16T23:25:33","slug":"nuevamente-olavarria-en-alerta-amarilla-por-una-ola-de-calor","status":"publish","type":"post","link":"https:\/\/cdnoticias.com\/index.php\/2023\/01\/16\/nuevamente-olavarria-en-alerta-amarilla-por-una-ola-de-calor\/","title":{"rendered":"Nuevamente, Olavarr\u00eda en alerta amarilla por una ola de calor"},"content":{"rendered":"<p>Si bien hay mayor previsi\u00f3n de lluvias durante la semana, el calor no dar\u00e1 tregua, con m\u00e1ximas de entre 32 y 33 grados. <!--more--><\/p>\n<hr \/>\n<p>Un enero caluroso. Si bien ser\u00e1 una semana donde las amenazas por lluvia ser\u00e1 protagonista, <strong>el Servicio Meteorol\u00f3gico Nacional anunci\u00f3 que Olavarr\u00eda se encuentra nuevamente en zona de alerta amarilla por el calor.<\/strong><\/p>\n<p>&nbsp;<\/p>\n<blockquote><p>Con una temperatura que alcanz\u00f3 los 33 grados durante este lunes, hasta el jueves la m\u00e1xima estar\u00e1 en el orden de 32, 33 y hasta 34 grados, con posibilidad de precipitaciones tanto el martes como el mi\u00e9rcoles.<\/p><\/blockquote>\n<p>&nbsp;<\/p>\n<p>De todas maneras, <strong>las altas temperaturas no ceder\u00e1n: el viernes (tambi\u00e9n con pron\u00f3stico de lluvias) se estima la m\u00e1xima m\u00e1s baja con 29 grados, y un fin de semana otra vez con calor y temperaturas de 30 grados.<\/strong><\/p>\n<p>&nbsp;<\/p>\n<blockquote><p>El martes ser\u00e1 el d\u00eda m\u00e1s complejo, tambi\u00e9n con una m\u00ednima alta (19 grados) y entre un 10 y un 40% de posibilidades de lluvia.<\/p><\/blockquote>\n<p>&nbsp;<\/p>\n<p>Cabe recordar que <strong>la alerta amarilla por calor sobre todo a los grupos de riesgo, como ni\u00f1os y ni\u00f1as, personas mayores de 65 a\u00f1os, con enfermedades cr\u00f3nicas.<\/strong><\/p>\n","protected":false},"excerpt":{"rendered":"<p>Si bien hay mayor previsi\u00f3n de lluvias durante la semana, el calor no dar\u00e1 tregua, con m\u00e1ximas de entre 32<\/p>\n","protected":false},"author":2,"featured_media":12237,"comment_status":"closed","ping_status":"closed","sticky":false,"template":"","format":"standard","meta":{"_jetpack_memberships_contains_paid_content":false,"footnotes":""},"categories":[5,1],"tags":[],"class_list":["post-74915","post","type-post","status-publish","format-standard","has-post-thumbnail","hentry","category-informacion-general","category-portada"],"jetpack_featured_media_url":"https:\/\/i0.wp.com\/cdnoticias.com\/wp-content\/uploads\/2021\/01\/calor-1.jpg?fit=800%2C445&ssl=1","jetpack_sharing_enabled":true,"_links":{"self":[{"href":"https:\/\/cdnoticias.com\/index.php\/wp-json\/wp\/v2\/posts\/74915","targetHints":{"allow":["GET"]}}],"collection":[{"href":"https:\/\/cdnoticias.com\/index.php\/wp-json\/wp\/v2\/posts"}],"about":[{"href":"https:\/\/cdnoticias.com\/index.php\/wp-json\/wp\/v2\/types\/post"}],"author":[{"embeddable":true,"href":"https:\/\/cdnoticias.com\/index.php\/wp-json\/wp\/v2\/users\/2"}],"replies":[{"embeddable":true,"href":"https:\/\/cdnoticias.com\/index.php\/wp-json\/wp\/v2\/comments?post=74915"}],"version-history":[{"count":0,"href":"https:\/\/cdnoticias.com\/index.php\/wp-json\/wp\/v2\/posts\/74915\/revisions"}],"wp:featuredmedia":[{"embeddable":true,"href":"https:\/\/cdnoticias.com\/index.php\/wp-json\/wp\/v2\/media\/12237"}],"wp:attachment":[{"href":"https:\/\/cdnoticias.com\/index.php\/wp-json\/wp\/v2\/media?parent=74915"}],"wp:term":[{"taxonomy":"category","embeddable":true,"href":"https:\/\/cdnoticias.com\/index.php\/wp-json\/wp\/v2\/categories?post=74915"},{"taxonomy":"post_tag","embeddable":true,"href":"https:\/\/cdnoticias.com\/index.php\/wp-json\/wp\/v2\/tags?post=74915"}],"curies":[{"name":"wp","href":"https:\/\/api.w.org\/{rel}","templated":true}]}}