{"id":74909,"date":"2023-01-16T19:36:25","date_gmt":"2023-01-16T22:36:25","guid":{"rendered":"https:\/\/www.centraldenoticias.com.ar\/?p=74909"},"modified":"2023-01-17T12:41:56","modified_gmt":"2023-01-17T15:41:56","slug":"confirmaron-la-suba-de-tasas-municipales-en-un-43","status":"publish","type":"post","link":"https:\/\/cdnoticias.com\/index.php\/2023\/01\/16\/confirmaron-la-suba-de-tasas-municipales-en-un-43\/","title":{"rendered":"Confirmaron la suba de Tasas Municipales en un 43%"},"content":{"rendered":"<p>El incremento es en correlato con el \u00edndice inflacionario del segundo semestre de 2022. Rige desde el 1 de enero, por lo que el pago de febrero ser\u00e1 retroactivo por \u00fanica vez. Aumenta un 80% el cobro de Loma de Paz.<!--more--><\/p>\n<hr \/>\n<p>Confirmado por la Secretar\u00eda de Econom\u00eda y Hacienda Municipal,<strong> la Tasa de Servicios Generales Urbanos y otros tributos como la Tasa de Protecci\u00f3n Ciudadana y Defensa Civil tendr\u00e1 un 43% de aumento desde el 1 de enero, teniendo en cuenta el \u00edndice IPC del Indec.<\/strong><\/p>\n<p>&nbsp;<\/p>\n<p>Cabe se\u00f1alar que en el decreto, el 107 del 13 de enero de este a\u00f1o, se expone que la suba surge por la potestad del art\u00edculo 23 de la Ordenanza Fiscal N\u00ba 2.460\/99 y sus modificatorias,<strong> receptando el \u00edndice inflacionario IPC nivel general publicado por el INDEC por el semestre julio a diciembre de 2022.<\/strong><\/p>\n<p>&nbsp;<\/p>\n<blockquote><p>Un dato a tener en cuenta es que, al no haberse cobrado en las Tasas de enero, se liquidar\u00e1 un retroactivo por \u00fanica vez correspondiente al diferencial entre los nuevos valores y el liquidado para dicho mes oportunamente.<\/p><\/blockquote>\n<p>&nbsp;<\/p>\n<p><strong>El incremento del 43% mencionado anteriormente rige para otros tributos y tasas municipales tales como la tasa de servicios generales rurales, la tasa de seguridad e higiene, entre otras.<\/strong><\/p>\n<p>&nbsp;<\/p>\n<p>Otra de las subas estipuladas en el <strong>decreto es por el servicio de mantenimiento semestral del Cementerio Loma de Paz, que tambi\u00e9n vence en febrero del corriente, incluye un incremento del 80%<\/strong> respecto de los valores del a\u00f1o anterior, \u201cen funci\u00f3n a las facultades conferidas al Ejecutivo en el art\u00edculo 20 inc. p) de la Ordenanza Impositiva 2.461\/99 y sus modificatorias\u201d.<\/p>\n<p>&nbsp;<\/p>\n<p>Finalmente, y prevista en la Ordenanza N\u00ba 3638\/13 y los conceptos son los establecidos en los art\u00edculos 8, 9 y 10 de la Ordenanza Impositiva N\u00b0 2461\/99 y modificatorias, <strong>los derechos de oficina<\/strong> (relacionados con toda actuaci\u00f3n, tr\u00e1mite o gesti\u00f3n que genere la prestaci\u00f3n de un servicio administrativo o t\u00e9cnico por parte del Municipio y calculados en funci\u00f3n de la variaci\u00f3n del salario conformado de un empleado de la administraci\u00f3n p\u00fablica municipal Categor\u00eda 1, de 30 horas semanales) <strong>se incrementan en un 100%.<\/strong><\/p>\n","protected":false},"excerpt":{"rendered":"<p>El incremento es en correlato con el \u00edndice inflacionario del segundo semestre de 2022. Rige desde el 1 de enero,<\/p>\n","protected":false},"author":2,"featured_media":50372,"comment_status":"closed","ping_status":"closed","sticky":false,"template":"","format":"standard","meta":{"_jetpack_memberships_contains_paid_content":false,"footnotes":""},"categories":[5,1],"tags":[],"class_list":["post-74909","post","type-post","status-publish","format-standard","has-post-thumbnail","hentry","category-informacion-general","category-portada"],"jetpack_featured_media_url":"https:\/\/i0.wp.com\/cdnoticias.com\/wp-content\/uploads\/2022\/03\/Palacio-Municipal-San-Martin-drone-Olavarria-Municipalidad.jpg?fit=800%2C445&ssl=1","jetpack_sharing_enabled":true,"_links":{"self":[{"href":"https:\/\/cdnoticias.com\/index.php\/wp-json\/wp\/v2\/posts\/74909","targetHints":{"allow":["GET"]}}],"collection":[{"href":"https:\/\/cdnoticias.com\/index.php\/wp-json\/wp\/v2\/posts"}],"about":[{"href":"https:\/\/cdnoticias.com\/index.php\/wp-json\/wp\/v2\/types\/post"}],"author":[{"embeddable":true,"href":"https:\/\/cdnoticias.com\/index.php\/wp-json\/wp\/v2\/users\/2"}],"replies":[{"embeddable":true,"href":"https:\/\/cdnoticias.com\/index.php\/wp-json\/wp\/v2\/comments?post=74909"}],"version-history":[{"count":0,"href":"https:\/\/cdnoticias.com\/index.php\/wp-json\/wp\/v2\/posts\/74909\/revisions"}],"wp:featuredmedia":[{"embeddable":true,"href":"https:\/\/cdnoticias.com\/index.php\/wp-json\/wp\/v2\/media\/50372"}],"wp:attachment":[{"href":"https:\/\/cdnoticias.com\/index.php\/wp-json\/wp\/v2\/media?parent=74909"}],"wp:term":[{"taxonomy":"category","embeddable":true,"href":"https:\/\/cdnoticias.com\/index.php\/wp-json\/wp\/v2\/categories?post=74909"},{"taxonomy":"post_tag","embeddable":true,"href":"https:\/\/cdnoticias.com\/index.php\/wp-json\/wp\/v2\/tags?post=74909"}],"curies":[{"name":"wp","href":"https:\/\/api.w.org\/{rel}","templated":true}]}}