{"id":74900,"date":"2023-01-16T17:29:31","date_gmt":"2023-01-16T20:29:31","guid":{"rendered":"https:\/\/www.centraldenoticias.com.ar\/?p=74900"},"modified":"2023-01-17T08:23:10","modified_gmt":"2023-01-17T11:23:10","slug":"mujica-denuncio-discriminacion-politica-del-gobernador-kicillof-para-olavarria","status":"publish","type":"post","link":"https:\/\/cdnoticias.com\/index.php\/2023\/01\/16\/mujica-denuncio-discriminacion-politica-del-gobernador-kicillof-para-olavarria\/","title":{"rendered":"Mujica denunci\u00f3 \u201cdiscriminaci\u00f3n pol\u00edtica\u201d del gobernador Kicillof para Olavarr\u00eda"},"content":{"rendered":"<p>Lleg\u00f3 a esa conclusi\u00f3n tras la nueva baja que sufri\u00f3 Olavarr\u00eda en el reparto de recursos por el Coeficiente \u00danico de Distribuci\u00f3n (CUD) que significan 500 millones de pesos menos. <!--more--><\/p>\n<hr \/>\n<p>Luego de conocerse<strong> una nueva baja en el Coeficiente \u00danico de Distribuci\u00f3n (CUD) para Olavarr\u00eda<\/strong> que implica <a href=\"https:\/\/cdnoticias.com\/index.php\/2023\/01\/02\/nueva-caida-en-la-coparticipacion-para-olavarria\/\">una baja en los montos que se coparticipan desde la Provincia<\/a>,<strong> el concejal Juan Mujica (Juntos) denunci\u00f3 que se trata de una maniobra de \u201cdiscriminaci\u00f3n pol\u00edtica\u201d del gobernador Kicillof para la ciudad<\/strong>, gobernada por el Pro Ezequiel Galli.<\/p>\n<p>&nbsp;<\/p>\n<p><em>\u201cEn los \u00faltimos dos a\u00f1os nuestro Municipio y, por ende, los vecinos olavarrienses sufrieron una<strong> disminuci\u00f3n de unos 500 millones de pesos<\/strong> aproximadamente por cuestiones pol\u00edtico partidarias\u201d,<\/em> acus\u00f3 el edil, que carg\u00f3 con dureza al mandatario bonaerense: \u201cla discriminaci\u00f3n pol\u00edtica y la ambici\u00f3n electoral del gobierno de Axel Kicillof va a privar a los olavarrienses de obras importantes\u201d.<\/p>\n<p>&nbsp;<\/p>\n<blockquote><p>\u201cCon lo que se ha perdido estos a\u00f1os por no ser del mismo color pol\u00edtico se podr\u00edan hacer, por ejemplo, tres nuevas ampliaciones del Hospital como la que se inaugur\u00f3 el a\u00f1o pasado, cuatro institutos de educaci\u00f3n f\u00edsica, ocho jardines, seis escuelas o la pavimentaci\u00f3n de barrios enteros\u201d, agreg\u00f3.<\/p><\/blockquote>\n<p>&nbsp;<\/p>\n<p>En este punto, <strong>Mujica acus\u00f3 directamente a C\u00e9sar Valicenti<\/strong>, que dijo que es un<em> \u201cdiputado de La C\u00e1mpora m\u00e1s preocupado por la impunidad de Cristina Fern\u00e1ndez que por los recursos de los olavarrienses\u201d.<\/em><\/p>\n<p>&nbsp;<\/p>\n<p>En la explicaci\u00f3n, Mujica dio cuenta que <em>\u201cel conjunto de municipios gobernado por el Frente de Todos result\u00f3 ganador en la repartici\u00f3n de recursos en detrimento de los de Juntos, que redujeron su participaci\u00f3n\u201d.<\/em><\/p>\n<p>&nbsp;<\/p>\n<p>En l\u00edneas generales, y para cerrar, indic\u00f3 que<strong> los municipios del Interior bonaerense perdieron participaci\u00f3n agregada, que gan\u00f3 el Conurbano y al diferenciar por Conurbano\/Interior y por partido pol\u00edtico gobernante<\/strong>, se aprecia que los municipios del Interior gobernados por el Frente de Todos aumentaron su participaci\u00f3n mientras que los del Interior gobernados por Juntos perdieron.<\/p>\n<p>&nbsp;<\/p>\n<blockquote class=\"wp-embedded-content\" data-secret=\"ooXuSvB66B\"><p><a href=\"https:\/\/cdnoticias.com\/index.php\/2023\/01\/02\/nueva-caida-en-la-coparticipacion-para-olavarria\/\">Nueva ca\u00edda en la coparticipaci\u00f3n para Olavarr\u00eda<\/a><\/p><\/blockquote>\n<p><iframe loading=\"lazy\" class=\"wp-embedded-content\" sandbox=\"allow-scripts\" security=\"restricted\" style=\"position: absolute; clip: rect(1px, 1px, 1px, 1px);\" title=\"&#8220;Nueva ca\u00edda en la coparticipaci\u00f3n para Olavarr\u00eda&#8221; &#8212; Central de Noticias | Olavarr\u00eda\" src=\"https:\/\/cdnoticias.com\/index.php\/2023\/01\/02\/nueva-caida-en-la-coparticipacion-para-olavarria\/embed\/#?secret=XSA3Cg0jrh#?secret=ooXuSvB66B\" data-secret=\"ooXuSvB66B\" width=\"600\" height=\"338\" frameborder=\"0\" marginwidth=\"0\" marginheight=\"0\" scrolling=\"no\"><\/iframe><\/p>\n","protected":false},"excerpt":{"rendered":"<p>Lleg\u00f3 a esa conclusi\u00f3n tras la nueva baja que sufri\u00f3 Olavarr\u00eda en el reparto de recursos por el Coeficiente \u00danico<\/p>\n","protected":false},"author":2,"featured_media":68438,"comment_status":"closed","ping_status":"closed","sticky":false,"template":"","format":"standard","meta":{"_jetpack_memberships_contains_paid_content":false,"footnotes":""},"categories":[4,1],"tags":[],"class_list":["post-74900","post","type-post","status-publish","format-standard","has-post-thumbnail","hentry","category-politica","category-portada"],"jetpack_featured_media_url":"https:\/\/i0.wp.com\/cdnoticias.com\/wp-content\/uploads\/2022\/10\/HCD-juan-mujica.jpg?fit=800%2C445&ssl=1","jetpack_sharing_enabled":true,"_links":{"self":[{"href":"https:\/\/cdnoticias.com\/index.php\/wp-json\/wp\/v2\/posts\/74900","targetHints":{"allow":["GET"]}}],"collection":[{"href":"https:\/\/cdnoticias.com\/index.php\/wp-json\/wp\/v2\/posts"}],"about":[{"href":"https:\/\/cdnoticias.com\/index.php\/wp-json\/wp\/v2\/types\/post"}],"author":[{"embeddable":true,"href":"https:\/\/cdnoticias.com\/index.php\/wp-json\/wp\/v2\/users\/2"}],"replies":[{"embeddable":true,"href":"https:\/\/cdnoticias.com\/index.php\/wp-json\/wp\/v2\/comments?post=74900"}],"version-history":[{"count":0,"href":"https:\/\/cdnoticias.com\/index.php\/wp-json\/wp\/v2\/posts\/74900\/revisions"}],"wp:featuredmedia":[{"embeddable":true,"href":"https:\/\/cdnoticias.com\/index.php\/wp-json\/wp\/v2\/media\/68438"}],"wp:attachment":[{"href":"https:\/\/cdnoticias.com\/index.php\/wp-json\/wp\/v2\/media?parent=74900"}],"wp:term":[{"taxonomy":"category","embeddable":true,"href":"https:\/\/cdnoticias.com\/index.php\/wp-json\/wp\/v2\/categories?post=74900"},{"taxonomy":"post_tag","embeddable":true,"href":"https:\/\/cdnoticias.com\/index.php\/wp-json\/wp\/v2\/tags?post=74900"}],"curies":[{"name":"wp","href":"https:\/\/api.w.org\/{rel}","templated":true}]}}