{"id":74893,"date":"2023-01-16T16:41:01","date_gmt":"2023-01-16T19:41:01","guid":{"rendered":"https:\/\/www.centraldenoticias.com.ar\/?p=74893"},"modified":"2023-01-16T16:41:01","modified_gmt":"2023-01-16T19:41:01","slug":"avenida-avellaneda-licitaran-la-tercera-etapa-de-la-repavimentacion","status":"publish","type":"post","link":"https:\/\/cdnoticias.com\/index.php\/2023\/01\/16\/avenida-avellaneda-licitaran-la-tercera-etapa-de-la-repavimentacion\/","title":{"rendered":"Avenida Avellaneda: licitar\u00e1n la tercera etapa de la repavimentaci\u00f3n"},"content":{"rendered":"<p>El 8 de febrero se conocer\u00e1n las ofertas para concretar la obra. El presupuesto oficial es de 200 millones de pesos, abarca 16 cuadras y contempla la construcci\u00f3n de una bicisenda.<!--more--><\/p>\n<hr \/>\n<p>La Municipalidad de Olavarr\u00eda inform\u00f3 que el pr\u00f3ximo mi\u00e9rcoles 8 de febrero, a partir de las 10 horas, se realizar\u00e1 el acto de apertura de sobres de licitaci\u00f3n para la <strong>tercera etapa de la repavimentaci\u00f3n de la avenida Avellaneda<\/strong>, puntualmente en <strong>el tramo comprendido entre las calles 185 y 217.<\/strong><\/p>\n<p>&nbsp;<\/p>\n<p>Se trata de licitaci\u00f3n p\u00fablica 3\/23, cuyo objetivo es la repavimentaci\u00f3n de un sector de <strong>16 cuadras<\/strong> que actualmente se encuentra con un pavimento flexible totalmente deteriorado y hace muy peligroso el tr\u00e1nsito vehicular. Vale destacar que ese camino es utilizado tanto como acceso y egreso a nuestra ciudad por vecinos de las villas serranas.<\/p>\n<p>&nbsp;<\/p>\n<blockquote><p>A la par, se contempla la construcci\u00f3n de un <strong>sector de bicisendas<\/strong> que permitir\u00e1 el desarrollo de actividades f\u00edsicas y el tr\u00e1nsito seguro de ciclistas.<\/p><\/blockquote>\n<p>&nbsp;<\/p>\n<p>El plazo de obra es de 150 d\u00edas y el presupuesto oficial es de <strong>200 millones de pesos.<\/strong><\/p>\n","protected":false},"excerpt":{"rendered":"<p>El 8 de febrero se conocer\u00e1n las ofertas para concretar la obra. El presupuesto oficial es de 200 millones de<\/p>\n","protected":false},"author":5,"featured_media":74894,"comment_status":"closed","ping_status":"closed","sticky":false,"template":"","format":"standard","meta":{"_jetpack_memberships_contains_paid_content":false,"footnotes":""},"categories":[5,1],"tags":[],"class_list":["post-74893","post","type-post","status-publish","format-standard","has-post-thumbnail","hentry","category-informacion-general","category-portada"],"jetpack_featured_media_url":"https:\/\/i0.wp.com\/cdnoticias.com\/wp-content\/uploads\/2023\/01\/Obras-Re-pavimentacion-Av.-Avellaneda-2-1024x685-1.jpg?fit=1024%2C569&ssl=1","jetpack_sharing_enabled":true,"_links":{"self":[{"href":"https:\/\/cdnoticias.com\/index.php\/wp-json\/wp\/v2\/posts\/74893","targetHints":{"allow":["GET"]}}],"collection":[{"href":"https:\/\/cdnoticias.com\/index.php\/wp-json\/wp\/v2\/posts"}],"about":[{"href":"https:\/\/cdnoticias.com\/index.php\/wp-json\/wp\/v2\/types\/post"}],"author":[{"embeddable":true,"href":"https:\/\/cdnoticias.com\/index.php\/wp-json\/wp\/v2\/users\/5"}],"replies":[{"embeddable":true,"href":"https:\/\/cdnoticias.com\/index.php\/wp-json\/wp\/v2\/comments?post=74893"}],"version-history":[{"count":0,"href":"https:\/\/cdnoticias.com\/index.php\/wp-json\/wp\/v2\/posts\/74893\/revisions"}],"wp:featuredmedia":[{"embeddable":true,"href":"https:\/\/cdnoticias.com\/index.php\/wp-json\/wp\/v2\/media\/74894"}],"wp:attachment":[{"href":"https:\/\/cdnoticias.com\/index.php\/wp-json\/wp\/v2\/media?parent=74893"}],"wp:term":[{"taxonomy":"category","embeddable":true,"href":"https:\/\/cdnoticias.com\/index.php\/wp-json\/wp\/v2\/categories?post=74893"},{"taxonomy":"post_tag","embeddable":true,"href":"https:\/\/cdnoticias.com\/index.php\/wp-json\/wp\/v2\/tags?post=74893"}],"curies":[{"name":"wp","href":"https:\/\/api.w.org\/{rel}","templated":true}]}}