{"id":74864,"date":"2023-01-16T10:05:17","date_gmt":"2023-01-16T13:05:17","guid":{"rendered":"https:\/\/www.centraldenoticias.com.ar\/?p=74864"},"modified":"2023-01-16T10:05:17","modified_gmt":"2023-01-16T13:05:17","slug":"corte-de-calles-en-trabajadores-y-pringles","status":"publish","type":"post","link":"https:\/\/cdnoticias.com\/index.php\/2023\/01\/16\/corte-de-calles-en-trabajadores-y-pringles\/","title":{"rendered":"Corte de calles en Trabajadores y Pringles"},"content":{"rendered":"<p>La Municipalidad inform\u00f3 que se realizan trabajos \u00a0de reparaci\u00f3n de cloacas en el sector de Trabajadores y Amparo Castro, con lo que est\u00e1 cortado el acceso al barrio Jard\u00edn por la avenida.<!--more--><\/p>\n<hr \/>\n<p>La Municipalidad de Olavarr\u00eda inform\u00f3 que<strong> este lunes comenzaron tareas \u00a0de reparaci\u00f3n de cloacas en avenida De los Trabajadores y Amparo Castro<\/strong>.<\/p>\n<p>&nbsp;<\/p>\n<p>Por tal motivo <strong>se realiza un corte de calle en la intersecci\u00f3n de Trabajadores y Pringles<\/strong>, con lo que se cerr\u00f3 el acceso al barrio Jard\u00edn por Trabajadores.<\/p>\n<p>&nbsp;<\/p>\n<p>En ese sentido se solicit\u00f3 a la comunidad, <strong>circular con precauci\u00f3n<\/strong>.<\/p>\n<p>&nbsp;<\/p>\n","protected":false},"excerpt":{"rendered":"<p>La Municipalidad inform\u00f3 que se realizan trabajos \u00a0de reparaci\u00f3n de cloacas en el sector de Trabajadores y Amparo Castro, con<\/p>\n","protected":false},"author":4,"featured_media":74873,"comment_status":"closed","ping_status":"closed","sticky":false,"template":"","format":"standard","meta":{"_jetpack_memberships_contains_paid_content":false,"footnotes":""},"categories":[5,1],"tags":[],"class_list":["post-74864","post","type-post","status-publish","format-standard","has-post-thumbnail","hentry","category-informacion-general","category-portada"],"jetpack_featured_media_url":"https:\/\/i0.wp.com\/cdnoticias.com\/wp-content\/uploads\/2023\/01\/pringles-y-trabajadores.jpg?fit=800%2C445&ssl=1","jetpack_sharing_enabled":true,"_links":{"self":[{"href":"https:\/\/cdnoticias.com\/index.php\/wp-json\/wp\/v2\/posts\/74864","targetHints":{"allow":["GET"]}}],"collection":[{"href":"https:\/\/cdnoticias.com\/index.php\/wp-json\/wp\/v2\/posts"}],"about":[{"href":"https:\/\/cdnoticias.com\/index.php\/wp-json\/wp\/v2\/types\/post"}],"author":[{"embeddable":true,"href":"https:\/\/cdnoticias.com\/index.php\/wp-json\/wp\/v2\/users\/4"}],"replies":[{"embeddable":true,"href":"https:\/\/cdnoticias.com\/index.php\/wp-json\/wp\/v2\/comments?post=74864"}],"version-history":[{"count":0,"href":"https:\/\/cdnoticias.com\/index.php\/wp-json\/wp\/v2\/posts\/74864\/revisions"}],"wp:featuredmedia":[{"embeddable":true,"href":"https:\/\/cdnoticias.com\/index.php\/wp-json\/wp\/v2\/media\/74873"}],"wp:attachment":[{"href":"https:\/\/cdnoticias.com\/index.php\/wp-json\/wp\/v2\/media?parent=74864"}],"wp:term":[{"taxonomy":"category","embeddable":true,"href":"https:\/\/cdnoticias.com\/index.php\/wp-json\/wp\/v2\/categories?post=74864"},{"taxonomy":"post_tag","embeddable":true,"href":"https:\/\/cdnoticias.com\/index.php\/wp-json\/wp\/v2\/tags?post=74864"}],"curies":[{"name":"wp","href":"https:\/\/api.w.org\/{rel}","templated":true}]}}