{"id":74834,"date":"2023-01-15T13:00:07","date_gmt":"2023-01-15T16:00:07","guid":{"rendered":"https:\/\/www.centraldenoticias.com.ar\/?p=74834"},"modified":"2023-01-15T13:00:07","modified_gmt":"2023-01-15T16:00:07","slug":"isidro-montero-purrete-q-e-p-d","status":"publish","type":"post","link":"https:\/\/cdnoticias.com\/index.php\/2023\/01\/15\/isidro-montero-purrete-q-e-p-d\/","title":{"rendered":"Isidro Montero &#8220;Purrete&#8221; (Q.E.P.D.)"},"content":{"rendered":"<p>Falleci\u00f3 en Olavarr\u00eda el d\u00eda 15 de enero de 2023 a los 96 a\u00f1os.\u00a0Sus hijos Oscar y Rub\u00e9n Montero. Sus hijas pol\u00edticas Susana Hern\u00e1ndez. Su hija en el afecto Mary. Sus nietos Romina, Mat\u00edas, Jimena y Juan Manuel Montero. Sus nietos pol\u00edticos Roc\u00edo, Hern\u00e1n, Ayel\u00e9n y Mario y dem\u00e1s deudos participan su fallecimiento.<\/p>\n<p>&nbsp;<\/p>\n<p>Velatorio: Sala velatoria de Sierras Bayas. M. Smirnoff 2663 departamento &#8220;A&#8221;. Comienza este lunes a las 8:00. Responso: Capilla Ardiente. Inhumaci\u00f3n: Cementerio de Sierras Bayas, lunes 16 de enero a las 10:30. Servicio adherido a Coopelectric.<\/p>\n<p>&nbsp;<\/p>\n<p>Barrio en el que viv\u00eda: Vecino de Sierras Bayas.<\/p>\n<p>&nbsp;<\/p>\n<p>Lugar de nacimiento: Nacido en Hinojo.<\/p>\n<p>&nbsp;<\/p>\n<p>Actividad que desarrollaba: Jubilado de F\u00e1brica Cementos San Mart\u00edn.<\/p>\n","protected":false},"excerpt":{"rendered":"<p>Falleci\u00f3 en Olavarr\u00eda el d\u00eda 15 de enero de 2023 a los 96 a\u00f1os.\u00a0Sus hijos Oscar y Rub\u00e9n Montero. Sus<\/p>\n","protected":false},"author":6,"featured_media":67646,"comment_status":"closed","ping_status":"closed","sticky":false,"template":"","format":"standard","meta":{"_jetpack_memberships_contains_paid_content":false,"footnotes":""},"categories":[10],"tags":[],"class_list":["post-74834","post","type-post","status-publish","format-standard","has-post-thumbnail","hentry","category-necrologicas"],"jetpack_featured_media_url":"https:\/\/i0.wp.com\/cdnoticias.com\/wp-content\/uploads\/2022\/10\/necrologicas-390-x-240.jpg?fit=390%2C240&ssl=1","jetpack_sharing_enabled":true,"_links":{"self":[{"href":"https:\/\/cdnoticias.com\/index.php\/wp-json\/wp\/v2\/posts\/74834","targetHints":{"allow":["GET"]}}],"collection":[{"href":"https:\/\/cdnoticias.com\/index.php\/wp-json\/wp\/v2\/posts"}],"about":[{"href":"https:\/\/cdnoticias.com\/index.php\/wp-json\/wp\/v2\/types\/post"}],"author":[{"embeddable":true,"href":"https:\/\/cdnoticias.com\/index.php\/wp-json\/wp\/v2\/users\/6"}],"replies":[{"embeddable":true,"href":"https:\/\/cdnoticias.com\/index.php\/wp-json\/wp\/v2\/comments?post=74834"}],"version-history":[{"count":0,"href":"https:\/\/cdnoticias.com\/index.php\/wp-json\/wp\/v2\/posts\/74834\/revisions"}],"wp:featuredmedia":[{"embeddable":true,"href":"https:\/\/cdnoticias.com\/index.php\/wp-json\/wp\/v2\/media\/67646"}],"wp:attachment":[{"href":"https:\/\/cdnoticias.com\/index.php\/wp-json\/wp\/v2\/media?parent=74834"}],"wp:term":[{"taxonomy":"category","embeddable":true,"href":"https:\/\/cdnoticias.com\/index.php\/wp-json\/wp\/v2\/categories?post=74834"},{"taxonomy":"post_tag","embeddable":true,"href":"https:\/\/cdnoticias.com\/index.php\/wp-json\/wp\/v2\/tags?post=74834"}],"curies":[{"name":"wp","href":"https:\/\/api.w.org\/{rel}","templated":true}]}}