{"id":74804,"date":"2023-01-14T19:00:06","date_gmt":"2023-01-14T22:00:06","guid":{"rendered":"https:\/\/www.centraldenoticias.com.ar\/?p=74804"},"modified":"2023-01-14T19:00:06","modified_gmt":"2023-01-14T22:00:06","slug":"el-quinteto-municipal-vientos-de-olavarria-dara-un-concierto-en-monte-hermoso","status":"publish","type":"post","link":"https:\/\/cdnoticias.com\/index.php\/2023\/01\/14\/el-quinteto-municipal-vientos-de-olavarria-dara-un-concierto-en-monte-hermoso\/","title":{"rendered":"El Quinteto Municipal &#8220;Vientos de Olavarr\u00eda&#8221; dar\u00e1 un concierto en Monte Hermoso"},"content":{"rendered":"<p>Ser\u00e1 el pr\u00f3ximo mi\u00e9rcoles 18 de enero. La entrada es libre y gratuita.<!--more--><\/p>\n<hr \/>\n<p>El <strong>Quinteto Municipal &#8220;Vientos de Olavarr\u00eda&#8221;<\/strong> dar\u00e1 un concierto en <strong>Monte Hermoso<\/strong> el pr\u00f3ximo <strong>18 de enero.<\/strong><\/p>\n<p>&nbsp;<\/p>\n<p>El recital ser\u00e1 dentro del <strong>Ciclo de Conciertos &#8220;M\u00fasica de sol a sol&#8221;<\/strong> del Centro de Convenciones de Monte Hermoso,\u00a0una actividad conjunta entre el Municipio de la ciudad Balnearia e YMCAMAR (Asociaci\u00f3n Cristiana de J\u00f3venes de la Rep\u00fablica Argentina) con la direcci\u00f3n art\u00edstica de Omar Cyrulnik.<\/p>\n<p>&nbsp;<\/p>\n<p>El ciclo comprende <strong>conciertos todos los mi\u00e9rcoles a las 23:00<\/strong> durante la temporada veraniega y es con<strong> entrada libre y gratuita.<\/strong><\/p>\n<p>&nbsp;<\/p>\n<p>El <strong>elenco olavarriense<\/strong> abordar\u00e1 un programa especial denominado <em><strong>&#8220;Arrabal de Buenos Aires<\/strong><\/em>&#8221; que comprende valses, tangos y milongas.<\/p>\n<p>&nbsp;<\/p>\n<p>Por otra parte <strong>&#8220;Vientos de Olavarr\u00eda<\/strong>&#8221; dar\u00e1 un concierto el \u00faltimo domingo de febrero en Colonia Nievas, dos conciertos en el Ciclo de Conciertos de Ciencias Econ\u00f3micas, un concierto en Capital Federal y otro concierto en Radio Nacional. El quinteto est\u00e1 integrado por Claudia Cort\u00e9s en flauta, Carlos Orlando en oboe,\u00a0 Mario Romano en clarinete, Cristian Fabris en corno y Julieta Di Fede en fagot.<\/p>\n<p>&nbsp;<\/p>\n<p>Los interesados podr\u00e1n consultar las fechas, programas, fotos, videos y trayectoria en la p\u00e1gina <a href=\"https:\/\/vientosdeolavarria.com.ar\/\" target=\"_blank\" rel=\"noopener\">www.vientosdeolavarria.com.ar\u00a0<\/a><\/p>\n","protected":false},"excerpt":{"rendered":"<p>Ser\u00e1 el pr\u00f3ximo mi\u00e9rcoles 18 de enero. La entrada es libre y gratuita.<\/p>\n","protected":false},"author":6,"featured_media":74807,"comment_status":"closed","ping_status":"closed","sticky":false,"template":"","format":"standard","meta":{"_jetpack_memberships_contains_paid_content":false,"footnotes":""},"categories":[9,1],"tags":[],"class_list":["post-74804","post","type-post","status-publish","format-standard","has-post-thumbnail","hentry","category-cultura","category-portada"],"jetpack_featured_media_url":"https:\/\/i0.wp.com\/cdnoticias.com\/wp-content\/uploads\/2023\/01\/Diseno-sin-titulo.jpg?fit=1920%2C1080&ssl=1","jetpack_sharing_enabled":true,"_links":{"self":[{"href":"https:\/\/cdnoticias.com\/index.php\/wp-json\/wp\/v2\/posts\/74804","targetHints":{"allow":["GET"]}}],"collection":[{"href":"https:\/\/cdnoticias.com\/index.php\/wp-json\/wp\/v2\/posts"}],"about":[{"href":"https:\/\/cdnoticias.com\/index.php\/wp-json\/wp\/v2\/types\/post"}],"author":[{"embeddable":true,"href":"https:\/\/cdnoticias.com\/index.php\/wp-json\/wp\/v2\/users\/6"}],"replies":[{"embeddable":true,"href":"https:\/\/cdnoticias.com\/index.php\/wp-json\/wp\/v2\/comments?post=74804"}],"version-history":[{"count":0,"href":"https:\/\/cdnoticias.com\/index.php\/wp-json\/wp\/v2\/posts\/74804\/revisions"}],"wp:featuredmedia":[{"embeddable":true,"href":"https:\/\/cdnoticias.com\/index.php\/wp-json\/wp\/v2\/media\/74807"}],"wp:attachment":[{"href":"https:\/\/cdnoticias.com\/index.php\/wp-json\/wp\/v2\/media?parent=74804"}],"wp:term":[{"taxonomy":"category","embeddable":true,"href":"https:\/\/cdnoticias.com\/index.php\/wp-json\/wp\/v2\/categories?post=74804"},{"taxonomy":"post_tag","embeddable":true,"href":"https:\/\/cdnoticias.com\/index.php\/wp-json\/wp\/v2\/tags?post=74804"}],"curies":[{"name":"wp","href":"https:\/\/api.w.org\/{rel}","templated":true}]}}