{"id":74796,"date":"2023-01-15T09:00:07","date_gmt":"2023-01-15T12:00:07","guid":{"rendered":"https:\/\/www.centraldenoticias.com.ar\/?p=74796"},"modified":"2023-01-15T18:21:46","modified_gmt":"2023-01-15T21:21:46","slug":"paritarias-la-uta-acordo-un-aumento-para-el-primer-semestre-del-31","status":"publish","type":"post","link":"https:\/\/cdnoticias.com\/index.php\/2023\/01\/15\/paritarias-la-uta-acordo-un-aumento-para-el-primer-semestre-del-31\/","title":{"rendered":"Paritarias: la UTA acord\u00f3 un aumento para el primer semestre del 31%"},"content":{"rendered":"<p>El salario inicial de los choferes se elevar\u00eda a $210.000 y beneficiar\u00eda a 80.000 trabajadores, aproximadamente.<\/p>\n<p><!--more--><\/p>\n<hr \/>\n<p><strong>La Uni\u00f3n Tranviaria Automotor (UTA), el gremio que re\u00fane a los colectiveros, acord\u00f3 de palabra con el Gobierno un aumento salarial de 31 por ciento por seis meses<\/strong> y marca as\u00ed la pauta de referencia que Sergio Massa pretende trazar para el inicio de las paritarias.<\/p>\n<p>&nbsp;<\/p>\n<p>El trato, que <strong>se abonar\u00eda en tres cuotas y contempla una revisi\u00f3n por inflaci\u00f3n<\/strong>, se firmar\u00eda en estas horas, despu\u00e9s de una reuni\u00f3n que est\u00e1 prevista entre funcionarios del Ministerio de Transporte y los empresarios del rubro para definir el reparto de los<strong> subsidios<\/strong>.<\/p>\n<p>&nbsp;<\/p>\n<p>En las deliberaciones<strong> intervino la cartera econ\u00f3mica que conduce Sergio Massa<\/strong>, para quien una de las claves para el ordenamiento econ\u00f3mico es alcanzar la meta de una inflaci\u00f3n anual no mayor al 60% (proyecci\u00f3n establecida en el presupuesto).<\/p>\n<p>&nbsp;<\/p>\n<p>De concretarse la suba, <strong>el salario inicial de los choferes se elevar\u00eda a $210.000<\/strong> y beneficiar\u00eda a 80.000 trabajadores, aproximadamente.<\/p>\n<p>&nbsp;<\/p>\n<p>Fuente: <em>Agencia DIB<\/em><\/p>\n<p>&nbsp;<\/p>\n","protected":false},"excerpt":{"rendered":"<p>El salario inicial de los choferes se elevar\u00eda a $210.000 y beneficiar\u00eda a 80.000 trabajadores, aproximadamente.<\/p>\n","protected":false},"author":4,"featured_media":51080,"comment_status":"closed","ping_status":"closed","sticky":false,"template":"","format":"standard","meta":{"_jetpack_memberships_contains_paid_content":false,"footnotes":""},"categories":[6,1],"tags":[],"class_list":["post-74796","post","type-post","status-publish","format-standard","has-post-thumbnail","hentry","category-nacionales","category-portada"],"jetpack_featured_media_url":"https:\/\/i0.wp.com\/cdnoticias.com\/wp-content\/uploads\/2022\/04\/colectivo-boleto-tu-bus-4.jpg?fit=800%2C445&ssl=1","jetpack_sharing_enabled":true,"_links":{"self":[{"href":"https:\/\/cdnoticias.com\/index.php\/wp-json\/wp\/v2\/posts\/74796","targetHints":{"allow":["GET"]}}],"collection":[{"href":"https:\/\/cdnoticias.com\/index.php\/wp-json\/wp\/v2\/posts"}],"about":[{"href":"https:\/\/cdnoticias.com\/index.php\/wp-json\/wp\/v2\/types\/post"}],"author":[{"embeddable":true,"href":"https:\/\/cdnoticias.com\/index.php\/wp-json\/wp\/v2\/users\/4"}],"replies":[{"embeddable":true,"href":"https:\/\/cdnoticias.com\/index.php\/wp-json\/wp\/v2\/comments?post=74796"}],"version-history":[{"count":0,"href":"https:\/\/cdnoticias.com\/index.php\/wp-json\/wp\/v2\/posts\/74796\/revisions"}],"wp:featuredmedia":[{"embeddable":true,"href":"https:\/\/cdnoticias.com\/index.php\/wp-json\/wp\/v2\/media\/51080"}],"wp:attachment":[{"href":"https:\/\/cdnoticias.com\/index.php\/wp-json\/wp\/v2\/media?parent=74796"}],"wp:term":[{"taxonomy":"category","embeddable":true,"href":"https:\/\/cdnoticias.com\/index.php\/wp-json\/wp\/v2\/categories?post=74796"},{"taxonomy":"post_tag","embeddable":true,"href":"https:\/\/cdnoticias.com\/index.php\/wp-json\/wp\/v2\/tags?post=74796"}],"curies":[{"name":"wp","href":"https:\/\/api.w.org\/{rel}","templated":true}]}}